{"id":454,"date":"2020-04-15T20:40:00","date_gmt":"2020-04-15T18:40:00","guid":{"rendered":"https:\/\/www.buwa.info\/blog\/?p=454"},"modified":"2025-02-25T23:35:41","modified_gmt":"2025-02-25T22:35:41","slug":"por_que_no-porque-no-me-escuchas","status":"publish","type":"post","link":"https:\/\/www.buwa.info\/blog\/2020\/04\/15\/por_que_no-porque-no-me-escuchas\/","title":{"rendered":"\u00ab#Por_Qu\u00e9_No: porque no me escuchas.\u00bb"},"content":{"rendered":"\n<p>Ayer hablando con un colega de profesi\u00f3n me sorprend\u00ed al ser consciente de que me estaba dando <strong>grandes consejos<\/strong>.<\/p>\n\n\n\n<p><strong>Comparti\u00f3 conmigo muy buenas experiencias para que pudiera aplicar en mi organizaci\u00f3n durante la crisis y yo le aport\u00e9 mi visi\u00f3n de lo que pod\u00eda ir haciendo para que su empresa comenzara a prepararse para la salida y recuperaci\u00f3n de la misma<\/strong>. \u00bfCu\u00e1ntas veces sucede esto a lo largo del a\u00f1o y no le damos importancia alguna? \u00bfpor qu\u00e9 ahora deber\u00eda ser diferente y deber\u00edamos escuchar con plena atenci\u00f3n todos los puntos de vista y consejos que nos lleguen?<\/p>\n\n\n\n<p>Una semana antes de iniciarse esta crisis y comenzar el confinamiento, <strong>en mi compa\u00f1\u00eda lanz\u00e1bamos una iniciativa desde el \u00e1rea de Recursos Humanos \/ Personas \/ Felicidad a nivel mundial, no muy novedosa pero que bien gestionada resulta altamente impactante en la motivaci\u00f3n de los empleados, en los resultados de la compa\u00f1\u00eda y en el cashflow de la misma v\u00eda, sobre todo, de ahorros.<\/strong><\/p>\n\n\n\n<p>La idea, independientemente de la log\u00edstica y de c\u00f3mo lo lleves a cabo, consiste en&nbsp;<strong>ESCUCHAR A LOS EMPLEADOS<\/strong>. En este sentido soy de la creencia de que <strong>esto no deber\u00eda ser un proyecto temporal con fecha de inicio y fecha de fin, sino una forma de ser, de gestionar y de sentir de la compa\u00f1\u00eda<\/strong>. Estoy convencida de que&nbsp;esta pr\u00e1ctica, y m\u00e1s a\u00fan en tiempos de crisis, puede significar la subsistencia o no de muchas empresas. Sabemos adem\u00e1s que la filosof\u00eda de grandes empresas, como por ejemplo Google, crecen y evolucionan nutri\u00e9ndose y aprovechando las ventajas que esto supone, \u00a1ojo! repito la f\u00f3rmula:&nbsp;<strong>ESCUCHAR A LOS EMPLEADOS.<\/strong><\/p>\n\n\n<div class=\"wp-block-image\">\n<figure class=\"aligncenter size-large\"><img decoding=\"async\" data-src=\"https:\/\/www.buwa.info\/blog\/wp-content\/uploads\/2025\/02\/Noescuchas2.png\" alt=\"Sistema de megafon\u00eda\" src=\"data:image\/gif;base64,R0lGODlhAQABAAAAACH5BAEKAAEALAAAAAABAAEAAAICTAEAOw==\" class=\"lazyload\" style=\"--smush-placeholder-width: 668px; --smush-placeholder-aspect-ratio: 668\/501;\" \/><\/figure>\n<\/div>\n\n\n<p>B\u00e1sicamente porque&nbsp;<strong>son nuestros empleados los que est\u00e1n en contacto directo con las fuentes de ingreso de la compa\u00f1\u00eda,<\/strong> con el negocio, con la operaci\u00f3n, los que saben c\u00f3mo funciona el mercado, los que conocen la operativa y los que pueden proponer y poner en pr\u00e1ctica optimizaciones en su d\u00eda a d\u00eda.<\/p>\n\n\n\n<p>Sin haber descubierto la penicilina, ya que desde las \u00e1reas de Recursos Humanos \/ Personas \/ Felicidad esta pr\u00e1ctica la llevamos fomentando, publicitando y lanzando en forma de iniciativas&nbsp;desde hace unos 60 a\u00f1os <strong>\u00bfpor qu\u00e9 en los momentos de crisis, momentos en los que necesitamos m\u00e1s visi\u00f3n de negocio tanto para mantenernos como para prepararnos hacia la recuperaci\u00f3n, esto ya no es importante y obramos en sentido contrario?<\/strong><\/p>\n\n\n\n<p>Es m\u00e1s absurdo todav\u00eda si pensamos en las tendencias de moda, en las famosas metodolog\u00edas \u00c1giles, el Lean, el Kaizen, el Scrum, el XP, el Kanban, los sprints, etc\u00e9tera, que requieren contar con la experiencia de los trabajadores base y con el conocimiento en profundidad de los procesos que lleva a cabo el \u00e1rea sobre la que estemos actuando.<\/p>\n\n\n\n<p>No somos conscientes de que <strong>podr\u00edamos estar aprovechando estos momentos para redefinir, para crear, para preparar nuestra organizaci\u00f3n y volver con m\u00e1s fuerza contando con la experiencia y conocimientos de gesti\u00f3n y mejora de nuestros empleados.<\/strong>&nbsp;Ser\u00e1 surrealista el momento en el que de vuelta a la normalidad, hayamos recortado la capacidad econ\u00f3mica y la presencia de nuestros empleados y sigamos contratando los servicios de los gur\u00fas de estas \u201cnuevas\u201d corrientes que en la mayor\u00eda de los casos nos sirven para conocer ideas que en alg\u00fan momento ya nos las hab\u00edan trasladado nuestros empleados; de hecho,&nbsp;normalmente vienen de aplicar el sentido com\u00fan&nbsp;(el menos com\u00fan de los sentidos).&nbsp;<strong>Una vez m\u00e1s, estamos en modo supervivencia&nbsp;on.<\/strong><\/p>\n\n\n\n<p>\u00bfQu\u00e9 es lo preocupante actualmente? que salvo en los casos cuya actividad se haya definido como esencial, en el resto de compa\u00f1\u00edas grandes, medianas y peque\u00f1as, lo que ha venido asociado al cese de actividad han sido l\u00f3gicamente medidas de reducci\u00f3n de costes de la operaci\u00f3n, con lo que,<strong>&nbsp;esas personas que tienen el conocimiento y la experiencia diaria de c\u00f3mo mejorar y \u201ccapear\u201d los temporales ya vividos est\u00e1n siendo raramente tenidas en cuenta y escuchadas como fuentes de inspiraci\u00f3n para afrontar esta crisis.<\/strong><\/p>\n\n\n\n<figure class=\"wp-block-image size-large\"><img decoding=\"async\" data-src=\"https:\/\/www.buwa.info\/blog\/wp-content\/uploads\/2025\/02\/Noescuchas3.jpg\" alt=\"Muchas herramientas\" src=\"data:image\/gif;base64,R0lGODlhAQABAAAAACH5BAEKAAEALAAAAAABAAEAAAICTAEAOw==\" class=\"lazyload\" style=\"--smush-placeholder-width: 1000px; --smush-placeholder-aspect-ratio: 1000\/625;\" \/><\/figure>\n\n\n\n<p class=\"has-text-align-center\"><em>Ell@s son las mejores herramientas que tenemos<\/em><\/p>\n\n\n\n<p>Dando un paso m\u00e1s&nbsp;(el primero por supuesto debe ser: ESCUCHAR A NUESTROS EMPLEADOS) hoy se me ocurr\u00eda la posibilidad de <strong>crear un movimiento de ayuda desinteresada a las empresas grandes, medianas, peque\u00f1as,&nbsp;no s\u00f3lo escuchar a los trabajadores propios&nbsp;sino escuchar a otros trabajadores y clientes; d\u00e1ndole una vuelta m\u00e1s, para las \u00e1reas de Recursos Humanos \/ Personas \/ Felicidad ser\u00eda como un&nbsp;\u00abmacroescaparate\u00bb&nbsp;de talento.<\/strong><\/p>\n\n\n\n<p><strong>Compartir mejores pr\u00e1cticas e iniciativas de mejora por el \u00fanico hecho de ayudarnos.<\/strong> Quiz\u00e1s, tambi\u00e9n nos demos cuenta con ello, que muchas veces no hace falta invertir grandes sumas de dinero para optimizar un proceso y que&nbsp;tan s\u00f3lo es necesario escuchar activamente, <strong>ver el problema desde otra perspectiva<\/strong>. De esta manera estaremos ayudando adem\u00e1s a que, empresas que no dispongan de recursos o que acaben de comenzar, se beneficien de nuestras ideas y experiencias.<\/p>\n\n\n\n<p>Existen muchas experiencias en este sentido: de \u00e1reas espec\u00edficas, asociaciones de Directivos, sectoriales, intersectoriales, profesionales, de mejora continua, c\u00edrculos de calidad, que se re\u00fanen regularmente, organizan workshops y trabajan en pos de conseguir avances de cada \u00e1rea en cuesti\u00f3n.<\/p>\n\n\n\n<p><strong>Esta crisis deber\u00eda hacer que por fin evolucion\u00e1semos, que se nos dejara de llenar la boca de teor\u00edas y conceptos t\u00e9cnicos y que comenz\u00e1semos a vivir y aplicar de manera pr\u00e1ctica las nuevas tendencias de gesti\u00f3n.<\/strong><\/p>\n\n\n\n<p>Estamos en una era en la que las personas est\u00e1n en el centro de la estrategia y somos m\u00e1s socialmente responsables que nunca&nbsp;y ni siquiera nos paramos a escuchar a nuestros equipos\u2026 \u00bfpor qu\u00e9 no ir m\u00e1s all\u00e1? \u00bfpor qu\u00e9 no ayudar a otros trabajadores y a otras empresas por el simple hecho de que puedan mejorar y aprovechar lo que otros ya est\u00e1n haciendo bien? quiz\u00e1s as\u00ed, si vemos c\u00f3mo otros utilizan el talento de los nuestros y consiguen mejores resultados, nuestras empresas comiencen realmente a escuchar.<\/p>\n\n\n\n<figure class=\"wp-block-image size-large\"><img decoding=\"async\" data-src=\"https:\/\/www.buwa.info\/blog\/wp-content\/uploads\/2025\/02\/Noescuchas4.png\" alt=\"Unidad, manos juntandose\" src=\"data:image\/gif;base64,R0lGODlhAQABAAAAACH5BAEKAAEALAAAAAABAAEAAAICTAEAOw==\" class=\"lazyload\" style=\"--smush-placeholder-width: 1000px; --smush-placeholder-aspect-ratio: 1000\/667;\" \/><\/figure>\n\n\n\n<p><strong>Tenemos los medios, la tecnolog\u00eda, las ganas y la necesidad de mejorar, en este sentido la gran duda que me planteo es: \u00bfpor qu\u00e9 no existe ya?<\/strong><\/p>\n\n\n\n<p>Me encantar\u00eda saber qu\u00e9 opinas al respecto \u00bfconsideras que ser\u00eda una iniciativa \u00fatil tener un medio global para compartir buenas pr\u00e1cticas y experiencias con personas y empresas que tengan similares actividades e intereses?&nbsp;\u00bfc\u00f3mo lo plantear\u00edas?<\/p>\n\n\n\n<p>Y lo que es m\u00e1s importante: <strong>\u00bfte sientes escuchado en tu trabajo?<\/strong><\/p>\n","protected":false},"excerpt":{"rendered":"<p>Ayer hablando con un colega de profesi\u00f3n me sorprend\u00ed al ser consciente de que me estaba dando grandes consejos. Comparti\u00f3 conmigo muy buenas experiencias para que pudiera aplicar en mi organizaci\u00f3n durante la crisis y yo le aport\u00e9 mi visi\u00f3n&#8230; <a class=\"more-link\" href=\"https:\/\/www.buwa.info\/blog\/2020\/04\/15\/por_que_no-porque-no-me-escuchas\/\">Seguir leyendo &rarr;<\/a><\/p>\n","protected":false},"author":3,"featured_media":322,"comment_status":"open","ping_status":"open","sticky":false,"template":"","format":"standard","meta":{"footnotes":""},"categories":[40],"tags":[],"class_list":["post-454","post","type-post","status-publish","format-standard","has-post-thumbnail","hentry","category-mision-rrhh"],"yoast_head":"<!-- This site is optimized with the Yoast SEO Premium plugin v24.5 (Yoast SEO v24.5) - https:\/\/yoast.com\/wordpress\/plugins\/seo\/ -->\n<title>&quot;#Por_Qu\u00e9_No: porque no me escuchas.&quot; - BUWA Blog<\/title>\n<meta name=\"robots\" content=\"index, follow, max-snippet:-1, max-image-preview:large, max-video-preview:-1\" \/>\n<link rel=\"canonical\" href=\"https:\/\/www.buwa.info\/blog\/2020\/04\/15\/por_que_no-porque-no-me-escuchas\/\" \/>\n<meta property=\"og:locale\" content=\"es_ES\" \/>\n<meta property=\"og:type\" content=\"article\" \/>\n<meta property=\"og:title\" content=\"&quot;#Por_Qu\u00e9_No: porque no me escuchas.&quot;\" \/>\n<meta property=\"og:description\" content=\"Ayer hablando con un colega de profesi\u00f3n me sorprend\u00ed al ser consciente de que me estaba dando grandes consejos. Comparti\u00f3 conmigo muy buenas experiencias para que pudiera aplicar en mi organizaci\u00f3n durante la crisis y yo le aport\u00e9 mi visi\u00f3n... Seguir leyendo &rarr;\" \/>\n<meta property=\"og:url\" content=\"https:\/\/www.buwa.info\/blog\/2020\/04\/15\/por_que_no-porque-no-me-escuchas\/\" \/>\n<meta property=\"og:site_name\" content=\"BUWA Blog\" \/>\n<meta property=\"article:published_time\" content=\"2020-04-15T18:40:00+00:00\" \/>\n<meta property=\"article:modified_time\" content=\"2025-02-25T22:35:41+00:00\" \/>\n<meta property=\"og:image\" content=\"https:\/\/www.buwa.info\/blog\/wp-content\/uploads\/2025\/02\/Noescuchas1.jpg\" \/>\n\t<meta property=\"og:image:width\" content=\"1320\" \/>\n\t<meta property=\"og:image:height\" content=\"540\" \/>\n\t<meta property=\"og:image:type\" content=\"image\/jpeg\" \/>\n<meta name=\"author\" content=\"Mar\u00eda Langa\" \/>\n<meta name=\"twitter:card\" content=\"summary_large_image\" \/>\n<meta name=\"twitter:label1\" content=\"Escrito por\" \/>\n\t<meta name=\"twitter:data1\" content=\"Mar\u00eda Langa\" \/>\n\t<meta name=\"twitter:label2\" content=\"Tiempo de lectura\" \/>\n\t<meta name=\"twitter:data2\" content=\"6 minutos\" \/>\n<script type=\"application\/ld+json\" class=\"yoast-schema-graph\">{\"@context\":\"https:\/\/schema.org\",\"@graph\":[{\"@type\":\"Article\",\"@id\":\"https:\/\/www.buwa.info\/blog\/2020\/04\/15\/por_que_no-porque-no-me-escuchas\/#article\",\"isPartOf\":{\"@id\":\"https:\/\/www.buwa.info\/blog\/2020\/04\/15\/por_que_no-porque-no-me-escuchas\/\"},\"author\":{\"name\":\"Mar\u00eda Langa\",\"@id\":\"https:\/\/www.buwa.info\/blog\/#\/schema\/person\/8308afc1dcb84d37a67850fe243cebb8\"},\"headline\":\"\u00ab#Por_Qu\u00e9_No: porque no me escuchas.\u00bb\",\"datePublished\":\"2020-04-15T18:40:00+00:00\",\"dateModified\":\"2025-02-25T22:35:41+00:00\",\"mainEntityOfPage\":{\"@id\":\"https:\/\/www.buwa.info\/blog\/2020\/04\/15\/por_que_no-porque-no-me-escuchas\/\"},\"wordCount\":1159,\"commentCount\":0,\"publisher\":{\"@id\":\"https:\/\/www.buwa.info\/blog\/#organization\"},\"image\":{\"@id\":\"https:\/\/www.buwa.info\/blog\/2020\/04\/15\/por_que_no-porque-no-me-escuchas\/#primaryimage\"},\"thumbnailUrl\":\"https:\/\/www.buwa.info\/blog\/wp-content\/uploads\/2025\/02\/Noescuchas1.jpg\",\"articleSection\":[\"Misi\u00f3n RRHH\"],\"inLanguage\":\"es\",\"potentialAction\":[{\"@type\":\"CommentAction\",\"name\":\"Comment\",\"target\":[\"https:\/\/www.buwa.info\/blog\/2020\/04\/15\/por_que_no-porque-no-me-escuchas\/#respond\"]}]},{\"@type\":\"WebPage\",\"@id\":\"https:\/\/www.buwa.info\/blog\/2020\/04\/15\/por_que_no-porque-no-me-escuchas\/\",\"url\":\"https:\/\/www.buwa.info\/blog\/2020\/04\/15\/por_que_no-porque-no-me-escuchas\/\",\"name\":\"\\\"#Por_Qu\u00e9_No: porque no me escuchas.\\\" - BUWA Blog\",\"isPartOf\":{\"@id\":\"https:\/\/www.buwa.info\/blog\/#website\"},\"primaryImageOfPage\":{\"@id\":\"https:\/\/www.buwa.info\/blog\/2020\/04\/15\/por_que_no-porque-no-me-escuchas\/#primaryimage\"},\"image\":{\"@id\":\"https:\/\/www.buwa.info\/blog\/2020\/04\/15\/por_que_no-porque-no-me-escuchas\/#primaryimage\"},\"thumbnailUrl\":\"https:\/\/www.buwa.info\/blog\/wp-content\/uploads\/2025\/02\/Noescuchas1.jpg\",\"datePublished\":\"2020-04-15T18:40:00+00:00\",\"dateModified\":\"2025-02-25T22:35:41+00:00\",\"breadcrumb\":{\"@id\":\"https:\/\/www.buwa.info\/blog\/2020\/04\/15\/por_que_no-porque-no-me-escuchas\/#breadcrumb\"},\"inLanguage\":\"es\",\"potentialAction\":[{\"@type\":\"ReadAction\",\"target\":[\"https:\/\/www.buwa.info\/blog\/2020\/04\/15\/por_que_no-porque-no-me-escuchas\/\"]}]},{\"@type\":\"ImageObject\",\"inLanguage\":\"es\",\"@id\":\"https:\/\/www.buwa.info\/blog\/2020\/04\/15\/por_que_no-porque-no-me-escuchas\/#primaryimage\",\"url\":\"https:\/\/www.buwa.info\/blog\/wp-content\/uploads\/2025\/02\/Noescuchas1.jpg\",\"contentUrl\":\"https:\/\/www.buwa.info\/blog\/wp-content\/uploads\/2025\/02\/Noescuchas1.jpg\",\"width\":1320,\"height\":540},{\"@type\":\"BreadcrumbList\",\"@id\":\"https:\/\/www.buwa.info\/blog\/2020\/04\/15\/por_que_no-porque-no-me-escuchas\/#breadcrumb\",\"itemListElement\":[{\"@type\":\"ListItem\",\"position\":1,\"name\":\"Portada\",\"item\":\"https:\/\/www.buwa.info\/blog\/\"},{\"@type\":\"ListItem\",\"position\":2,\"name\":\"\u00ab#Por_Qu\u00e9_No: porque no me escuchas.\u00bb\"}]},{\"@type\":\"WebSite\",\"@id\":\"https:\/\/www.buwa.info\/blog\/#website\",\"url\":\"https:\/\/www.buwa.info\/blog\/\",\"name\":\"BUWA Blog\",\"description\":\"Blog independiente de Recursos Humanos \/ Personas \/ Felicidad, pero sobre todo, Estrategia.\",\"publisher\":{\"@id\":\"https:\/\/www.buwa.info\/blog\/#organization\"},\"potentialAction\":[{\"@type\":\"SearchAction\",\"target\":{\"@type\":\"EntryPoint\",\"urlTemplate\":\"https:\/\/www.buwa.info\/blog\/?s={search_term_string}\"},\"query-input\":{\"@type\":\"PropertyValueSpecification\",\"valueRequired\":true,\"valueName\":\"search_term_string\"}}],\"inLanguage\":\"es\"},{\"@type\":\"Organization\",\"@id\":\"https:\/\/www.buwa.info\/blog\/#organization\",\"name\":\"BUWA Blog\",\"url\":\"https:\/\/www.buwa.info\/blog\/\",\"logo\":{\"@type\":\"ImageObject\",\"inLanguage\":\"es\",\"@id\":\"https:\/\/www.buwa.info\/blog\/#\/schema\/logo\/image\/\",\"url\":\"https:\/\/www.buwa.info\/blog\/wp-content\/uploads\/2025\/02\/buwa-blogw.png\",\"contentUrl\":\"https:\/\/www.buwa.info\/blog\/wp-content\/uploads\/2025\/02\/buwa-blogw.png\",\"width\":3612,\"height\":748,\"caption\":\"BUWA Blog\"},\"image\":{\"@id\":\"https:\/\/www.buwa.info\/blog\/#\/schema\/logo\/image\/\"}},{\"@type\":\"Person\",\"@id\":\"https:\/\/www.buwa.info\/blog\/#\/schema\/person\/8308afc1dcb84d37a67850fe243cebb8\",\"name\":\"Mar\u00eda Langa\",\"image\":{\"@type\":\"ImageObject\",\"inLanguage\":\"es\",\"@id\":\"https:\/\/www.buwa.info\/blog\/#\/schema\/person\/image\/\",\"url\":\"https:\/\/www.buwa.info\/blog\/wp-content\/uploads\/2025\/02\/cropped-ml-96x96.jpg\",\"contentUrl\":\"https:\/\/www.buwa.info\/blog\/wp-content\/uploads\/2025\/02\/cropped-ml-96x96.jpg\",\"caption\":\"Mar\u00eda Langa\"},\"url\":\"https:\/\/www.buwa.info\/blog\/author\/maria_langa\/\"}]}<\/script>\n<!-- \/ Yoast SEO Premium plugin. -->","yoast_head_json":{"title":"\"#Por_Qu\u00e9_No: porque no me escuchas.\" - BUWA Blog","robots":{"index":"index","follow":"follow","max-snippet":"max-snippet:-1","max-image-preview":"max-image-preview:large","max-video-preview":"max-video-preview:-1"},"canonical":"https:\/\/www.buwa.info\/blog\/2020\/04\/15\/por_que_no-porque-no-me-escuchas\/","og_locale":"es_ES","og_type":"article","og_title":"\"#Por_Qu\u00e9_No: porque no me escuchas.\"","og_description":"Ayer hablando con un colega de profesi\u00f3n me sorprend\u00ed al ser consciente de que me estaba dando grandes consejos. Comparti\u00f3 conmigo muy buenas experiencias para que pudiera aplicar en mi organizaci\u00f3n durante la crisis y yo le aport\u00e9 mi visi\u00f3n... Seguir leyendo &rarr;","og_url":"https:\/\/www.buwa.info\/blog\/2020\/04\/15\/por_que_no-porque-no-me-escuchas\/","og_site_name":"BUWA Blog","article_published_time":"2020-04-15T18:40:00+00:00","article_modified_time":"2025-02-25T22:35:41+00:00","og_image":[{"width":1320,"height":540,"url":"https:\/\/www.buwa.info\/blog\/wp-content\/uploads\/2025\/02\/Noescuchas1.jpg","type":"image\/jpeg"}],"author":"Mar\u00eda Langa","twitter_card":"summary_large_image","twitter_misc":{"Escrito por":"Mar\u00eda Langa","Tiempo de lectura":"6 minutos"},"schema":{"@context":"https:\/\/schema.org","@graph":[{"@type":"Article","@id":"https:\/\/www.buwa.info\/blog\/2020\/04\/15\/por_que_no-porque-no-me-escuchas\/#article","isPartOf":{"@id":"https:\/\/www.buwa.info\/blog\/2020\/04\/15\/por_que_no-porque-no-me-escuchas\/"},"author":{"name":"Mar\u00eda Langa","@id":"https:\/\/www.buwa.info\/blog\/#\/schema\/person\/8308afc1dcb84d37a67850fe243cebb8"},"headline":"\u00ab#Por_Qu\u00e9_No: porque no me escuchas.\u00bb","datePublished":"2020-04-15T18:40:00+00:00","dateModified":"2025-02-25T22:35:41+00:00","mainEntityOfPage":{"@id":"https:\/\/www.buwa.info\/blog\/2020\/04\/15\/por_que_no-porque-no-me-escuchas\/"},"wordCount":1159,"commentCount":0,"publisher":{"@id":"https:\/\/www.buwa.info\/blog\/#organization"},"image":{"@id":"https:\/\/www.buwa.info\/blog\/2020\/04\/15\/por_que_no-porque-no-me-escuchas\/#primaryimage"},"thumbnailUrl":"https:\/\/www.buwa.info\/blog\/wp-content\/uploads\/2025\/02\/Noescuchas1.jpg","articleSection":["Misi\u00f3n RRHH"],"inLanguage":"es","potentialAction":[{"@type":"CommentAction","name":"Comment","target":["https:\/\/www.buwa.info\/blog\/2020\/04\/15\/por_que_no-porque-no-me-escuchas\/#respond"]}]},{"@type":"WebPage","@id":"https:\/\/www.buwa.info\/blog\/2020\/04\/15\/por_que_no-porque-no-me-escuchas\/","url":"https:\/\/www.buwa.info\/blog\/2020\/04\/15\/por_que_no-porque-no-me-escuchas\/","name":"\"#Por_Qu\u00e9_No: porque no me escuchas.\" - BUWA Blog","isPartOf":{"@id":"https:\/\/www.buwa.info\/blog\/#website"},"primaryImageOfPage":{"@id":"https:\/\/www.buwa.info\/blog\/2020\/04\/15\/por_que_no-porque-no-me-escuchas\/#primaryimage"},"image":{"@id":"https:\/\/www.buwa.info\/blog\/2020\/04\/15\/por_que_no-porque-no-me-escuchas\/#primaryimage"},"thumbnailUrl":"https:\/\/www.buwa.info\/blog\/wp-content\/uploads\/2025\/02\/Noescuchas1.jpg","datePublished":"2020-04-15T18:40:00+00:00","dateModified":"2025-02-25T22:35:41+00:00","breadcrumb":{"@id":"https:\/\/www.buwa.info\/blog\/2020\/04\/15\/por_que_no-porque-no-me-escuchas\/#breadcrumb"},"inLanguage":"es","potentialAction":[{"@type":"ReadAction","target":["https:\/\/www.buwa.info\/blog\/2020\/04\/15\/por_que_no-porque-no-me-escuchas\/"]}]},{"@type":"ImageObject","inLanguage":"es","@id":"https:\/\/www.buwa.info\/blog\/2020\/04\/15\/por_que_no-porque-no-me-escuchas\/#primaryimage","url":"https:\/\/www.buwa.info\/blog\/wp-content\/uploads\/2025\/02\/Noescuchas1.jpg","contentUrl":"https:\/\/www.buwa.info\/blog\/wp-content\/uploads\/2025\/02\/Noescuchas1.jpg","width":1320,"height":540},{"@type":"BreadcrumbList","@id":"https:\/\/www.buwa.info\/blog\/2020\/04\/15\/por_que_no-porque-no-me-escuchas\/#breadcrumb","itemListElement":[{"@type":"ListItem","position":1,"name":"Portada","item":"https:\/\/www.buwa.info\/blog\/"},{"@type":"ListItem","position":2,"name":"\u00ab#Por_Qu\u00e9_No: porque no me escuchas.\u00bb"}]},{"@type":"WebSite","@id":"https:\/\/www.buwa.info\/blog\/#website","url":"https:\/\/www.buwa.info\/blog\/","name":"BUWA Blog","description":"Blog independiente de Recursos Humanos \/ Personas \/ Felicidad, pero sobre todo, Estrategia.","publisher":{"@id":"https:\/\/www.buwa.info\/blog\/#organization"},"potentialAction":[{"@type":"SearchAction","target":{"@type":"EntryPoint","urlTemplate":"https:\/\/www.buwa.info\/blog\/?s={search_term_string}"},"query-input":{"@type":"PropertyValueSpecification","valueRequired":true,"valueName":"search_term_string"}}],"inLanguage":"es"},{"@type":"Organization","@id":"https:\/\/www.buwa.info\/blog\/#organization","name":"BUWA Blog","url":"https:\/\/www.buwa.info\/blog\/","logo":{"@type":"ImageObject","inLanguage":"es","@id":"https:\/\/www.buwa.info\/blog\/#\/schema\/logo\/image\/","url":"https:\/\/www.buwa.info\/blog\/wp-content\/uploads\/2025\/02\/buwa-blogw.png","contentUrl":"https:\/\/www.buwa.info\/blog\/wp-content\/uploads\/2025\/02\/buwa-blogw.png","width":3612,"height":748,"caption":"BUWA Blog"},"image":{"@id":"https:\/\/www.buwa.info\/blog\/#\/schema\/logo\/image\/"}},{"@type":"Person","@id":"https:\/\/www.buwa.info\/blog\/#\/schema\/person\/8308afc1dcb84d37a67850fe243cebb8","name":"Mar\u00eda Langa","image":{"@type":"ImageObject","inLanguage":"es","@id":"https:\/\/www.buwa.info\/blog\/#\/schema\/person\/image\/","url":"https:\/\/www.buwa.info\/blog\/wp-content\/uploads\/2025\/02\/cropped-ml-96x96.jpg","contentUrl":"https:\/\/www.buwa.info\/blog\/wp-content\/uploads\/2025\/02\/cropped-ml-96x96.jpg","caption":"Mar\u00eda Langa"},"url":"https:\/\/www.buwa.info\/blog\/author\/maria_langa\/"}]}},"_links":{"self":[{"href":"https:\/\/www.buwa.info\/blog\/wp-json\/wp\/v2\/posts\/454","targetHints":{"allow":["GET"]}}],"collection":[{"href":"https:\/\/www.buwa.info\/blog\/wp-json\/wp\/v2\/posts"}],"about":[{"href":"https:\/\/www.buwa.info\/blog\/wp-json\/wp\/v2\/types\/post"}],"author":[{"embeddable":true,"href":"https:\/\/www.buwa.info\/blog\/wp-json\/wp\/v2\/users\/3"}],"replies":[{"embeddable":true,"href":"https:\/\/www.buwa.info\/blog\/wp-json\/wp\/v2\/comments?post=454"}],"version-history":[{"count":1,"href":"https:\/\/www.buwa.info\/blog\/wp-json\/wp\/v2\/posts\/454\/revisions"}],"predecessor-version":[{"id":455,"href":"https:\/\/www.buwa.info\/blog\/wp-json\/wp\/v2\/posts\/454\/revisions\/455"}],"wp:featuredmedia":[{"embeddable":true,"href":"https:\/\/www.buwa.info\/blog\/wp-json\/wp\/v2\/media\/322"}],"wp:attachment":[{"href":"https:\/\/www.buwa.info\/blog\/wp-json\/wp\/v2\/media?parent=454"}],"wp:term":[{"taxonomy":"category","embeddable":true,"href":"https:\/\/www.buwa.info\/blog\/wp-json\/wp\/v2\/categories?post=454"},{"taxonomy":"post_tag","embeddable":true,"href":"https:\/\/www.buwa.info\/blog\/wp-json\/wp\/v2\/tags?post=454"}],"curies":[{"name":"wp","href":"https:\/\/api.w.org\/{rel}","templated":true}]}}