{"id":493,"date":"2020-04-12T20:33:00","date_gmt":"2020-04-12T18:33:00","guid":{"rendered":"https:\/\/www.buwa.info\/blog\/?p=493"},"modified":"2025-03-04T20:35:33","modified_gmt":"2025-03-04T19:35:33","slug":"despues-del-coronavirus-incorporar-o-reincorporar","status":"publish","type":"post","link":"https:\/\/www.buwa.info\/blog\/2020\/04\/12\/despues-del-coronavirus-incorporar-o-reincorporar\/","title":{"rendered":"Despu\u00e9s del coronavirus: \u00bfincorporar o reincorporar?"},"content":{"rendered":"\n<p><strong>\u00bfQu\u00e9 pasar\u00e1 despu\u00e9s de la crisis del Coronavirus?<\/strong><\/p>\n\n\n\n<p>No cabe duda que estamos viviendo una crisis sin precedentes y con un origen distinto al de otras recesiones que hayamos vivido antes.<\/p>\n\n\n\n<p><strong>Hace unos cuantos a\u00f1os dijimos adi\u00f3s definitivamente a la crisis econ\u00f3mica m\u00e1s profunda de este siglo, considerada como la m\u00e1s grave desde el crack del 29.<\/strong> Pero esa crisis tuvo su origen en una&nbsp;burbuja inmobiliaria&nbsp;y en una sociedad que, en l\u00edneas generales, viv\u00eda por encima de sus posibilidades. Se podr\u00eda decir que <strong>esa crisis se\u00f1al\u00f3 al&nbsp;sector financiero e inmobiliario&nbsp;como principales culpables y a ciertos sectores de la sociedad como c\u00f3mplices<\/strong>, generando aquella&nbsp;tormenta perfecta que hizo tambalear los sistemas econ\u00f3micos de muchos pa\u00edses.<\/p>\n\n\n\n<p>Sin embargo,&nbsp;<strong>la crisis motivada por el Coronavirus no se\u00f1ala a nadie&nbsp;en particular y ha azotado de repente nuestro sistema productivo<\/strong>. Sin duda, en medio de la&nbsp;crisis sanitaria&nbsp;lo m\u00e1s importante es tomar las medidas para salir de ella. A su vez, las empresas m\u00e1s directamente afectadas realizar\u00e1n los&nbsp;ERTES necesarios&nbsp;para que puedan dar continuidad a su negocio una vez se aplaque la epidemia.<\/p>\n\n\n\n<p>Pero&nbsp;<strong>\u00bfqu\u00e9 pasar\u00e1 cuando las empresas reabran sus puertas al p\u00fablico?<\/strong> \u00bfvolver\u00e1 todo a la normalidad? \u00bfser\u00e1 como aquellos d\u00edas en los que no nos par\u00e1bamos a pensar que esto iba a llegar al interior de nuestras fronteras y de nuestras vidas?<\/p>\n\n\n<div class=\"wp-block-image\">\n<figure class=\"aligncenter size-large\"><img decoding=\"async\" data-src=\"https:\/\/www.buwa.info\/blog\/wp-content\/uploads\/2025\/02\/incorporar2.jpg\" alt=\"\u00c1rbol con carteles grapados\" src=\"data:image\/gif;base64,R0lGODlhAQABAAAAACH5BAEKAAEALAAAAAABAAEAAAICTAEAOw==\" class=\"lazyload\" style=\"--smush-placeholder-width: 514px; --smush-placeholder-aspect-ratio: 514\/714;\" \/><\/figure>\n<\/div>\n\n\n<p>Me gustar\u00eda poder decir que, efectivamente, nada habr\u00e1 cambiado en ese momento. Pero lo cierto es que no va a ser as\u00ed. <strong>Las personas en situaci\u00f3n de ERTE volver\u00e1n a sus puestos pero la facturaci\u00f3n de muchas empresas se ver\u00e1 mermada considerablemente y tendr\u00e1n la necesidad de adaptar su plantilla a una realidad productiva distinta.<\/strong><\/p>\n\n\n\n<p><strong>A partir de este momento es cuando realmente esta crisis del Coronavirus va a funcionar como un term\u00f3metro, evaluando realmente a cada uno de nosotros y en especial a las grandes empresas y sus valores que con tanto orgullo publican en sus web corporativas.<\/strong> Tambi\u00e9n va a medir la \u00e9tica profesional de peque\u00f1os y medianos empresarios.&nbsp;La forma en la que todas las empresas traten la flexibilizaci\u00f3n de sus plantillas ser\u00e1 el retrato de su calado moral como organizaci\u00f3n.<\/p>\n\n\n\n<p>Habr\u00e1 empresas que opten por la v\u00eda f\u00e1cil: ejecuci\u00f3n de despidos y expedientes de regulaci\u00f3n de empleo definitivos. Una vez que se incremente de nuevo la actividad, esas empresas comenzar\u00e1n a acudir al mercado laboral buscando una contrataci\u00f3n de perfiles sustancialmente m\u00e1s baratos que aquellos a los que despidi\u00f3 por la crisis del Coronavirus,&nbsp;renovando su plantilla a un bajo coste.<\/p>\n\n\n\n<p>En cambio, \u00bfpor qu\u00e9 no pensar que habr\u00e1 otra forma de actuar por parte de, espero, un gran n\u00famero de empresas? Como he mencionado, llegar\u00e1 el momento en que muchas empresas deber\u00e1n reducir su plantilla m\u00e1s all\u00e1 del ERTE y tendr\u00e1n que efectuar despidos pero tambi\u00e9n llegar\u00e1 el per\u00edodo de recuperaci\u00f3n econ\u00f3mica y de vuelta a la contrataci\u00f3n y a la ampliaci\u00f3n de esas plantillas mermadas por la crisis. En ese momento, <strong>mi propuesta es que&nbsp;las empresas que quieran hacer gala de sus valores, los peque\u00f1os empresarios que de verdad tengan una \u00e9tica empresarial digna de los momentos que estamos viviendo, deber\u00e1n realizar, entre otras, la siguiente acci\u00f3n:&nbsp;priorizar la contrataci\u00f3n de aquellas personas que tuvo que prescindir como consecuencia de esta crisis.<\/strong>&nbsp;En mi opini\u00f3n, esta es&nbsp;una de las claves de la recuperaci\u00f3n moral y econ\u00f3mica del mercado laboral. Lo ideal ser\u00eda que el gobierno publicara una medida en este sentido pero parece dif\u00edcil que lo haga. En cambio, cada uno de nosotros y cada una de las organizaciones pueden jugar un papel esencial en esta partida.<\/p>\n\n\n\n<p><strong>Por tanto, apuesto por un movimiento generalizado orientado a que cada empresa priorice (cuando vuelva a tener vacantes) la reincorporaci\u00f3n de los trabajadores a los que tuvo que decir adi\u00f3s por la merma en la producci\u00f3n y en las ventas despu\u00e9s de la crisis del coronavirus.<\/strong><\/p>\n\n\n\n<p>Este movimiento debe calar en la sociedad a trav\u00e9s de los medios de comunicaci\u00f3n, redes sociales, foros, etc. Ojal\u00e1 se pongan encima de la mesa medidas gubernamentales que favorezcan esta acci\u00f3n. En caso de no haberlas,&nbsp;que sea la propia sociedad la que premie a las empresas que sigan esta iniciativa. <strong>Que nosotros mismos&nbsp;prioricemos nuestras decisiones de consumo&nbsp;en funci\u00f3n de si la empresa que ofrece sus productos o servicios ha seguido la l\u00f3gica expuesta y otras similares.<\/strong><\/p>\n\n\n\n<figure class=\"wp-block-image size-large\"><img decoding=\"async\" data-src=\"https:\/\/www.buwa.info\/blog\/wp-content\/uploads\/2025\/02\/incorporar3.jpg\" alt=\"Salvavidas en blanco y negro\" src=\"data:image\/gif;base64,R0lGODlhAQABAAAAACH5BAEKAAEALAAAAAABAAEAAAICTAEAOw==\" class=\"lazyload\" style=\"--smush-placeholder-width: 1000px; --smush-placeholder-aspect-ratio: 1000\/667;\" \/><\/figure>\n\n\n\n<p><strong>Creo que las medidas gubernamentales pueden y deben ser muy potentes pero debemos tener claro que aquello que podemos hacer como sociedad de manera individual y colectiva tiene un potencial mucho mayor.<\/strong><\/p>\n\n\n\n<p>Me encantar\u00eda que me contaras c\u00f3mo est\u00e1 gestionando tu empresa esta crisis y cu\u00e1les piensas que ser\u00e1n las consecuencias de esta crisis para el mundo laboral.<\/p>\n","protected":false},"excerpt":{"rendered":"<p>\u00bfQu\u00e9 pasar\u00e1 despu\u00e9s de la crisis del Coronavirus? No cabe duda que estamos viviendo una crisis sin precedentes y con un origen distinto al de otras recesiones que hayamos vivido antes. Hace unos cuantos a\u00f1os dijimos adi\u00f3s definitivamente a la&#8230; <a class=\"more-link\" href=\"https:\/\/www.buwa.info\/blog\/2020\/04\/12\/despues-del-coronavirus-incorporar-o-reincorporar\/\">Seguir leyendo &rarr;<\/a><\/p>\n","protected":false},"author":2,"featured_media":162,"comment_status":"open","ping_status":"open","sticky":false,"template":"","format":"standard","meta":{"footnotes":""},"categories":[40],"tags":[],"class_list":["post-493","post","type-post","status-publish","format-standard","has-post-thumbnail","hentry","category-mision-rrhh"],"yoast_head":"<!-- This site is optimized with the Yoast SEO Premium plugin v24.5 (Yoast SEO v24.5) - https:\/\/yoast.com\/wordpress\/plugins\/seo\/ -->\n<title>Despu\u00e9s del coronavirus: \u00bfincorporar o reincorporar? - BUWA Blog<\/title>\n<meta name=\"robots\" content=\"index, follow, max-snippet:-1, max-image-preview:large, max-video-preview:-1\" \/>\n<link rel=\"canonical\" href=\"https:\/\/www.buwa.info\/blog\/2020\/04\/12\/despues-del-coronavirus-incorporar-o-reincorporar\/\" \/>\n<meta property=\"og:locale\" content=\"es_ES\" \/>\n<meta property=\"og:type\" content=\"article\" \/>\n<meta property=\"og:title\" content=\"Despu\u00e9s del coronavirus: \u00bfincorporar o reincorporar?\" \/>\n<meta property=\"og:description\" content=\"\u00bfQu\u00e9 pasar\u00e1 despu\u00e9s de la crisis del Coronavirus? No cabe duda que estamos viviendo una crisis sin precedentes y con un origen distinto al de otras recesiones que hayamos vivido antes. Hace unos cuantos a\u00f1os dijimos adi\u00f3s definitivamente a la... Seguir leyendo &rarr;\" \/>\n<meta property=\"og:url\" content=\"https:\/\/www.buwa.info\/blog\/2020\/04\/12\/despues-del-coronavirus-incorporar-o-reincorporar\/\" \/>\n<meta property=\"og:site_name\" content=\"BUWA Blog\" \/>\n<meta property=\"article:published_time\" content=\"2020-04-12T18:33:00+00:00\" \/>\n<meta property=\"article:modified_time\" content=\"2025-03-04T19:35:33+00:00\" \/>\n<meta property=\"og:image\" content=\"https:\/\/www.buwa.info\/blog\/wp-content\/uploads\/2025\/02\/coronavirus.jpg\" \/>\n\t<meta property=\"og:image:width\" content=\"1024\" \/>\n\t<meta property=\"og:image:height\" content=\"683\" \/>\n\t<meta property=\"og:image:type\" content=\"image\/jpeg\" \/>\n<meta name=\"author\" content=\"\u00c1ngel de la Marca\" \/>\n<meta name=\"twitter:card\" content=\"summary_large_image\" \/>\n<meta name=\"twitter:label1\" content=\"Escrito por\" \/>\n\t<meta name=\"twitter:data1\" content=\"\u00c1ngel de la Marca\" \/>\n\t<meta name=\"twitter:label2\" content=\"Tiempo de lectura\" \/>\n\t<meta name=\"twitter:data2\" content=\"4 minutos\" \/>\n<script type=\"application\/ld+json\" class=\"yoast-schema-graph\">{\"@context\":\"https:\/\/schema.org\",\"@graph\":[{\"@type\":\"Article\",\"@id\":\"https:\/\/www.buwa.info\/blog\/2020\/04\/12\/despues-del-coronavirus-incorporar-o-reincorporar\/#article\",\"isPartOf\":{\"@id\":\"https:\/\/www.buwa.info\/blog\/2020\/04\/12\/despues-del-coronavirus-incorporar-o-reincorporar\/\"},\"author\":{\"name\":\"\u00c1ngel de la Marca\",\"@id\":\"https:\/\/www.buwa.info\/blog\/#\/schema\/person\/a356fd389ca2084a249ec7f1db069f46\"},\"headline\":\"Despu\u00e9s del coronavirus: \u00bfincorporar o reincorporar?\",\"datePublished\":\"2020-04-12T18:33:00+00:00\",\"dateModified\":\"2025-03-04T19:35:33+00:00\",\"mainEntityOfPage\":{\"@id\":\"https:\/\/www.buwa.info\/blog\/2020\/04\/12\/despues-del-coronavirus-incorporar-o-reincorporar\/\"},\"wordCount\":881,\"commentCount\":0,\"publisher\":{\"@id\":\"https:\/\/www.buwa.info\/blog\/#organization\"},\"image\":{\"@id\":\"https:\/\/www.buwa.info\/blog\/2020\/04\/12\/despues-del-coronavirus-incorporar-o-reincorporar\/#primaryimage\"},\"thumbnailUrl\":\"https:\/\/www.buwa.info\/blog\/wp-content\/uploads\/2025\/02\/coronavirus.jpg\",\"articleSection\":[\"Misi\u00f3n RRHH\"],\"inLanguage\":\"es\",\"potentialAction\":[{\"@type\":\"CommentAction\",\"name\":\"Comment\",\"target\":[\"https:\/\/www.buwa.info\/blog\/2020\/04\/12\/despues-del-coronavirus-incorporar-o-reincorporar\/#respond\"]}]},{\"@type\":\"WebPage\",\"@id\":\"https:\/\/www.buwa.info\/blog\/2020\/04\/12\/despues-del-coronavirus-incorporar-o-reincorporar\/\",\"url\":\"https:\/\/www.buwa.info\/blog\/2020\/04\/12\/despues-del-coronavirus-incorporar-o-reincorporar\/\",\"name\":\"Despu\u00e9s del coronavirus: \u00bfincorporar o reincorporar? - BUWA Blog\",\"isPartOf\":{\"@id\":\"https:\/\/www.buwa.info\/blog\/#website\"},\"primaryImageOfPage\":{\"@id\":\"https:\/\/www.buwa.info\/blog\/2020\/04\/12\/despues-del-coronavirus-incorporar-o-reincorporar\/#primaryimage\"},\"image\":{\"@id\":\"https:\/\/www.buwa.info\/blog\/2020\/04\/12\/despues-del-coronavirus-incorporar-o-reincorporar\/#primaryimage\"},\"thumbnailUrl\":\"https:\/\/www.buwa.info\/blog\/wp-content\/uploads\/2025\/02\/coronavirus.jpg\",\"datePublished\":\"2020-04-12T18:33:00+00:00\",\"dateModified\":\"2025-03-04T19:35:33+00:00\",\"breadcrumb\":{\"@id\":\"https:\/\/www.buwa.info\/blog\/2020\/04\/12\/despues-del-coronavirus-incorporar-o-reincorporar\/#breadcrumb\"},\"inLanguage\":\"es\",\"potentialAction\":[{\"@type\":\"ReadAction\",\"target\":[\"https:\/\/www.buwa.info\/blog\/2020\/04\/12\/despues-del-coronavirus-incorporar-o-reincorporar\/\"]}]},{\"@type\":\"ImageObject\",\"inLanguage\":\"es\",\"@id\":\"https:\/\/www.buwa.info\/blog\/2020\/04\/12\/despues-del-coronavirus-incorporar-o-reincorporar\/#primaryimage\",\"url\":\"https:\/\/www.buwa.info\/blog\/wp-content\/uploads\/2025\/02\/coronavirus.jpg\",\"contentUrl\":\"https:\/\/www.buwa.info\/blog\/wp-content\/uploads\/2025\/02\/coronavirus.jpg\",\"width\":1024,\"height\":683},{\"@type\":\"BreadcrumbList\",\"@id\":\"https:\/\/www.buwa.info\/blog\/2020\/04\/12\/despues-del-coronavirus-incorporar-o-reincorporar\/#breadcrumb\",\"itemListElement\":[{\"@type\":\"ListItem\",\"position\":1,\"name\":\"Portada\",\"item\":\"https:\/\/www.buwa.info\/blog\/\"},{\"@type\":\"ListItem\",\"position\":2,\"name\":\"Despu\u00e9s del coronavirus: \u00bfincorporar o reincorporar?\"}]},{\"@type\":\"WebSite\",\"@id\":\"https:\/\/www.buwa.info\/blog\/#website\",\"url\":\"https:\/\/www.buwa.info\/blog\/\",\"name\":\"BUWA Blog\",\"description\":\"Blog independiente de Recursos Humanos \/ Personas \/ Felicidad, pero sobre todo, Estrategia.\",\"publisher\":{\"@id\":\"https:\/\/www.buwa.info\/blog\/#organization\"},\"potentialAction\":[{\"@type\":\"SearchAction\",\"target\":{\"@type\":\"EntryPoint\",\"urlTemplate\":\"https:\/\/www.buwa.info\/blog\/?s={search_term_string}\"},\"query-input\":{\"@type\":\"PropertyValueSpecification\",\"valueRequired\":true,\"valueName\":\"search_term_string\"}}],\"inLanguage\":\"es\"},{\"@type\":\"Organization\",\"@id\":\"https:\/\/www.buwa.info\/blog\/#organization\",\"name\":\"BUWA Blog\",\"url\":\"https:\/\/www.buwa.info\/blog\/\",\"logo\":{\"@type\":\"ImageObject\",\"inLanguage\":\"es\",\"@id\":\"https:\/\/www.buwa.info\/blog\/#\/schema\/logo\/image\/\",\"url\":\"https:\/\/www.buwa.info\/blog\/wp-content\/uploads\/2025\/02\/buwa-blogw.png\",\"contentUrl\":\"https:\/\/www.buwa.info\/blog\/wp-content\/uploads\/2025\/02\/buwa-blogw.png\",\"width\":3612,\"height\":748,\"caption\":\"BUWA Blog\"},\"image\":{\"@id\":\"https:\/\/www.buwa.info\/blog\/#\/schema\/logo\/image\/\"}},{\"@type\":\"Person\",\"@id\":\"https:\/\/www.buwa.info\/blog\/#\/schema\/person\/a356fd389ca2084a249ec7f1db069f46\",\"name\":\"\u00c1ngel de la Marca\",\"image\":{\"@type\":\"ImageObject\",\"inLanguage\":\"es\",\"@id\":\"https:\/\/www.buwa.info\/blog\/#\/schema\/person\/image\/\",\"url\":\"https:\/\/www.buwa.info\/blog\/wp-content\/uploads\/2025\/02\/cropped-angel-de-la-marca-96x96.jpg\",\"contentUrl\":\"https:\/\/www.buwa.info\/blog\/wp-content\/uploads\/2025\/02\/cropped-angel-de-la-marca-96x96.jpg\",\"caption\":\"\u00c1ngel de la Marca\"},\"description\":\"Apasionado por las personas, orientado a los resultados.\",\"url\":\"https:\/\/www.buwa.info\/blog\/author\/angel-de-la-marca\/\"}]}<\/script>\n<!-- \/ Yoast SEO Premium plugin. -->","yoast_head_json":{"title":"Despu\u00e9s del coronavirus: \u00bfincorporar o reincorporar? - BUWA Blog","robots":{"index":"index","follow":"follow","max-snippet":"max-snippet:-1","max-image-preview":"max-image-preview:large","max-video-preview":"max-video-preview:-1"},"canonical":"https:\/\/www.buwa.info\/blog\/2020\/04\/12\/despues-del-coronavirus-incorporar-o-reincorporar\/","og_locale":"es_ES","og_type":"article","og_title":"Despu\u00e9s del coronavirus: \u00bfincorporar o reincorporar?","og_description":"\u00bfQu\u00e9 pasar\u00e1 despu\u00e9s de la crisis del Coronavirus? No cabe duda que estamos viviendo una crisis sin precedentes y con un origen distinto al de otras recesiones que hayamos vivido antes. Hace unos cuantos a\u00f1os dijimos adi\u00f3s definitivamente a la... Seguir leyendo &rarr;","og_url":"https:\/\/www.buwa.info\/blog\/2020\/04\/12\/despues-del-coronavirus-incorporar-o-reincorporar\/","og_site_name":"BUWA Blog","article_published_time":"2020-04-12T18:33:00+00:00","article_modified_time":"2025-03-04T19:35:33+00:00","og_image":[{"width":1024,"height":683,"url":"https:\/\/www.buwa.info\/blog\/wp-content\/uploads\/2025\/02\/coronavirus.jpg","type":"image\/jpeg"}],"author":"\u00c1ngel de la Marca","twitter_card":"summary_large_image","twitter_misc":{"Escrito por":"\u00c1ngel de la Marca","Tiempo de lectura":"4 minutos"},"schema":{"@context":"https:\/\/schema.org","@graph":[{"@type":"Article","@id":"https:\/\/www.buwa.info\/blog\/2020\/04\/12\/despues-del-coronavirus-incorporar-o-reincorporar\/#article","isPartOf":{"@id":"https:\/\/www.buwa.info\/blog\/2020\/04\/12\/despues-del-coronavirus-incorporar-o-reincorporar\/"},"author":{"name":"\u00c1ngel de la Marca","@id":"https:\/\/www.buwa.info\/blog\/#\/schema\/person\/a356fd389ca2084a249ec7f1db069f46"},"headline":"Despu\u00e9s del coronavirus: \u00bfincorporar o reincorporar?","datePublished":"2020-04-12T18:33:00+00:00","dateModified":"2025-03-04T19:35:33+00:00","mainEntityOfPage":{"@id":"https:\/\/www.buwa.info\/blog\/2020\/04\/12\/despues-del-coronavirus-incorporar-o-reincorporar\/"},"wordCount":881,"commentCount":0,"publisher":{"@id":"https:\/\/www.buwa.info\/blog\/#organization"},"image":{"@id":"https:\/\/www.buwa.info\/blog\/2020\/04\/12\/despues-del-coronavirus-incorporar-o-reincorporar\/#primaryimage"},"thumbnailUrl":"https:\/\/www.buwa.info\/blog\/wp-content\/uploads\/2025\/02\/coronavirus.jpg","articleSection":["Misi\u00f3n RRHH"],"inLanguage":"es","potentialAction":[{"@type":"CommentAction","name":"Comment","target":["https:\/\/www.buwa.info\/blog\/2020\/04\/12\/despues-del-coronavirus-incorporar-o-reincorporar\/#respond"]}]},{"@type":"WebPage","@id":"https:\/\/www.buwa.info\/blog\/2020\/04\/12\/despues-del-coronavirus-incorporar-o-reincorporar\/","url":"https:\/\/www.buwa.info\/blog\/2020\/04\/12\/despues-del-coronavirus-incorporar-o-reincorporar\/","name":"Despu\u00e9s del coronavirus: \u00bfincorporar o reincorporar? - BUWA Blog","isPartOf":{"@id":"https:\/\/www.buwa.info\/blog\/#website"},"primaryImageOfPage":{"@id":"https:\/\/www.buwa.info\/blog\/2020\/04\/12\/despues-del-coronavirus-incorporar-o-reincorporar\/#primaryimage"},"image":{"@id":"https:\/\/www.buwa.info\/blog\/2020\/04\/12\/despues-del-coronavirus-incorporar-o-reincorporar\/#primaryimage"},"thumbnailUrl":"https:\/\/www.buwa.info\/blog\/wp-content\/uploads\/2025\/02\/coronavirus.jpg","datePublished":"2020-04-12T18:33:00+00:00","dateModified":"2025-03-04T19:35:33+00:00","breadcrumb":{"@id":"https:\/\/www.buwa.info\/blog\/2020\/04\/12\/despues-del-coronavirus-incorporar-o-reincorporar\/#breadcrumb"},"inLanguage":"es","potentialAction":[{"@type":"ReadAction","target":["https:\/\/www.buwa.info\/blog\/2020\/04\/12\/despues-del-coronavirus-incorporar-o-reincorporar\/"]}]},{"@type":"ImageObject","inLanguage":"es","@id":"https:\/\/www.buwa.info\/blog\/2020\/04\/12\/despues-del-coronavirus-incorporar-o-reincorporar\/#primaryimage","url":"https:\/\/www.buwa.info\/blog\/wp-content\/uploads\/2025\/02\/coronavirus.jpg","contentUrl":"https:\/\/www.buwa.info\/blog\/wp-content\/uploads\/2025\/02\/coronavirus.jpg","width":1024,"height":683},{"@type":"BreadcrumbList","@id":"https:\/\/www.buwa.info\/blog\/2020\/04\/12\/despues-del-coronavirus-incorporar-o-reincorporar\/#breadcrumb","itemListElement":[{"@type":"ListItem","position":1,"name":"Portada","item":"https:\/\/www.buwa.info\/blog\/"},{"@type":"ListItem","position":2,"name":"Despu\u00e9s del coronavirus: \u00bfincorporar o reincorporar?"}]},{"@type":"WebSite","@id":"https:\/\/www.buwa.info\/blog\/#website","url":"https:\/\/www.buwa.info\/blog\/","name":"BUWA Blog","description":"Blog independiente de Recursos Humanos \/ Personas \/ Felicidad, pero sobre todo, Estrategia.","publisher":{"@id":"https:\/\/www.buwa.info\/blog\/#organization"},"potentialAction":[{"@type":"SearchAction","target":{"@type":"EntryPoint","urlTemplate":"https:\/\/www.buwa.info\/blog\/?s={search_term_string}"},"query-input":{"@type":"PropertyValueSpecification","valueRequired":true,"valueName":"search_term_string"}}],"inLanguage":"es"},{"@type":"Organization","@id":"https:\/\/www.buwa.info\/blog\/#organization","name":"BUWA Blog","url":"https:\/\/www.buwa.info\/blog\/","logo":{"@type":"ImageObject","inLanguage":"es","@id":"https:\/\/www.buwa.info\/blog\/#\/schema\/logo\/image\/","url":"https:\/\/www.buwa.info\/blog\/wp-content\/uploads\/2025\/02\/buwa-blogw.png","contentUrl":"https:\/\/www.buwa.info\/blog\/wp-content\/uploads\/2025\/02\/buwa-blogw.png","width":3612,"height":748,"caption":"BUWA Blog"},"image":{"@id":"https:\/\/www.buwa.info\/blog\/#\/schema\/logo\/image\/"}},{"@type":"Person","@id":"https:\/\/www.buwa.info\/blog\/#\/schema\/person\/a356fd389ca2084a249ec7f1db069f46","name":"\u00c1ngel de la Marca","image":{"@type":"ImageObject","inLanguage":"es","@id":"https:\/\/www.buwa.info\/blog\/#\/schema\/person\/image\/","url":"https:\/\/www.buwa.info\/blog\/wp-content\/uploads\/2025\/02\/cropped-angel-de-la-marca-96x96.jpg","contentUrl":"https:\/\/www.buwa.info\/blog\/wp-content\/uploads\/2025\/02\/cropped-angel-de-la-marca-96x96.jpg","caption":"\u00c1ngel de la Marca"},"description":"Apasionado por las personas, orientado a los resultados.","url":"https:\/\/www.buwa.info\/blog\/author\/angel-de-la-marca\/"}]}},"_links":{"self":[{"href":"https:\/\/www.buwa.info\/blog\/wp-json\/wp\/v2\/posts\/493","targetHints":{"allow":["GET"]}}],"collection":[{"href":"https:\/\/www.buwa.info\/blog\/wp-json\/wp\/v2\/posts"}],"about":[{"href":"https:\/\/www.buwa.info\/blog\/wp-json\/wp\/v2\/types\/post"}],"author":[{"embeddable":true,"href":"https:\/\/www.buwa.info\/blog\/wp-json\/wp\/v2\/users\/2"}],"replies":[{"embeddable":true,"href":"https:\/\/www.buwa.info\/blog\/wp-json\/wp\/v2\/comments?post=493"}],"version-history":[{"count":1,"href":"https:\/\/www.buwa.info\/blog\/wp-json\/wp\/v2\/posts\/493\/revisions"}],"predecessor-version":[{"id":494,"href":"https:\/\/www.buwa.info\/blog\/wp-json\/wp\/v2\/posts\/493\/revisions\/494"}],"wp:featuredmedia":[{"embeddable":true,"href":"https:\/\/www.buwa.info\/blog\/wp-json\/wp\/v2\/media\/162"}],"wp:attachment":[{"href":"https:\/\/www.buwa.info\/blog\/wp-json\/wp\/v2\/media?parent=493"}],"wp:term":[{"taxonomy":"category","embeddable":true,"href":"https:\/\/www.buwa.info\/blog\/wp-json\/wp\/v2\/categories?post=493"},{"taxonomy":"post_tag","embeddable":true,"href":"https:\/\/www.buwa.info\/blog\/wp-json\/wp\/v2\/tags?post=493"}],"curies":[{"name":"wp","href":"https:\/\/api.w.org\/{rel}","templated":true}]}}