{"id":514,"date":"2020-04-17T19:05:00","date_gmt":"2020-04-17T17:05:00","guid":{"rendered":"https:\/\/www.buwa.info\/blog\/?p=514"},"modified":"2025-03-06T19:08:09","modified_gmt":"2025-03-06T18:08:09","slug":"comunicacion-y-empresa","status":"publish","type":"post","link":"https:\/\/www.buwa.info\/blog\/2020\/04\/17\/comunicacion-y-empresa\/","title":{"rendered":"Comunicaci\u00f3n y empresa"},"content":{"rendered":"\n<p>La comunicaci\u00f3n es uno de los fen\u00f3menos esenciales para las relaciones humanas. Me atrever\u00eda a afirmar, a riesgo de ser exagerado, que puede estar a la altura de necesidades elementales o vitales como respirar o comer. Incluso los animales tienen potentes sistemas de comunicaci\u00f3n (es un aval de supervivencia).<\/p>\n\n\n<div class=\"wp-block-image\">\n<figure class=\"aligncenter size-full is-resized\"><img decoding=\"async\" width=\"1024\" height=\"767\" data-src=\"https:\/\/www.buwa.info\/blog\/wp-content\/uploads\/2025\/02\/comunicacion1.jpg\" alt=\"Jerogl\u00edficos egipcios\" class=\"wp-image-155 lazyload\" style=\"--smush-placeholder-width: 1024px; --smush-placeholder-aspect-ratio: 1024\/767;width:600px\" data-srcset=\"https:\/\/www.buwa.info\/blog\/wp-content\/uploads\/2025\/02\/comunicacion1.jpg 1024w, https:\/\/www.buwa.info\/blog\/wp-content\/uploads\/2025\/02\/comunicacion1-300x225.jpg 300w, https:\/\/www.buwa.info\/blog\/wp-content\/uploads\/2025\/02\/comunicacion1-768x575.jpg 768w\" data-sizes=\"(max-width: 1024px) 100vw, 1024px\" src=\"data:image\/gif;base64,R0lGODlhAQABAAAAACH5BAEKAAEALAAAAAABAAEAAAICTAEAOw==\" \/><\/figure>\n<\/div>\n\n\n<p class=\"has-text-align-center\">Sin comunicaci\u00f3n es imposible entender nuestra historia.<\/p>\n\n\n\n<p>Partiendo de esta premisa, es evidente que&nbsp;el mundo de la empresa necesita de la comunicaci\u00f3n para cumplir cualquier tipo de objetivo. Esto es algo asumido sin ning\u00fan g\u00e9nero de dudas, y es por ello que la comunicaci\u00f3n organizacional juega un papel relevante en todas las Compa\u00f1\u00edas.<\/p>\n\n\n\n<p>A todo ello conviene a\u00f1adir, que estamos en un momento hist\u00f3rico desde el punto de vista del desarrollo de las nuevas tecnolog\u00edas y como consecuencia de ello de la evoluci\u00f3n de la forma de comunicar.<\/p>\n\n\n\n<p>Es evidente que toda Empresa dispone de un amplio abanico de&nbsp;herramientas de comunicaci\u00f3n. Est\u00e1 claro que en la elecci\u00f3n de la m\u00e1s adecuada influyen m\u00faltiples factores de cara a inclinarse por la utilizaci\u00f3n de una u otra herramienta de comunicaci\u00f3n. Ese nutrido abanico de posibilidades deja sin justificaci\u00f3n a cualquier Compa\u00f1\u00eda que se vea tentada de cargar la responsabilidad en la escasez de alternativas para lanzar cualquier tipo de mensaje o recoger un determinado \u201cinput\u201d de sus colaboradores.<\/p>\n\n\n\n<p>Partiendo de esa premisa se plantea una relaci\u00f3n o breve&nbsp;cat\u00e1logo de herramientas de comunicaci\u00f3n&nbsp;para cualquier organizaci\u00f3n:<\/p>\n\n\n\n<ul class=\"wp-block-list\">\n<li>Reuniones<\/li>\n\n\n\n<li>Newsletter<\/li>\n\n\n\n<li>Revista corporativa<\/li>\n\n\n\n<li>Circular<\/li>\n\n\n\n<li>Tabl\u00f3n de comunicaci\u00f3n<\/li>\n\n\n\n<li>Intranet<\/li>\n\n\n\n<li>Red social o comunidad interna de la empresa<\/li>\n\n\n\n<li>Buz\u00f3n de sugerencias<\/li>\n\n\n\n<li>Comida o desayuno corporativo<\/li>\n\n\n\n<li>Evento o acto empresarial<\/li>\n\n\n\n<li>Videoconferencia<\/li>\n\n\n\n<li>Manual del empleado<\/li>\n\n\n\n<li>C\u00edrculos de calidad<\/li>\n\n\n\n<li>Encuesta<\/li>\n\n\n\n<li>Canales m\u00e1s informales como\u00a0Whatsapp\u00a0(entre otros)<\/li>\n<\/ul>\n\n\n\n<p>La comunicaci\u00f3n siempre juega un papel muy importante, pero&nbsp;no deja de ser una herramienta, un veh\u00edculo para conseguir uno o varios objetivos.&nbsp; Es conveniente detallar algunas de las&nbsp;barreras o retos que la comunicaci\u00f3n organizacional&nbsp;debe tener en cuenta si quiere finalmente llegar a los objetivos pretendidos:<\/p>\n\n\n\n<ul class=\"wp-block-list\">\n<li>Falta o ausencia de planificaci\u00f3n estrat\u00e9gica<\/li>\n\n\n\n<li>Supuestos o hechos confusos<\/li>\n\n\n\n<li>Distorsi\u00f3n del contexto del mensaje y\/o de la sem\u00e1ntica<\/li>\n\n\n\n<li>Informaci\u00f3n expresada deficientemente<\/li>\n\n\n\n<li>Barreras de contexto internacional<\/li>\n\n\n\n<li>P\u00e9rdida de informaci\u00f3n por retenci\u00f3n limitada<\/li>\n\n\n\n<li>Informaci\u00f3n con escucha limitada y la evaluaci\u00f3n anticipada de la misma<\/li>\n\n\n\n<li>Comunicaci\u00f3n de forma impersonal<\/li>\n\n\n\n<li>Desconfianza o temores en la comunicaci\u00f3n<\/li>\n\n\n\n<li>Tiempo insuficiente ante los cambios<\/li>\n\n\n\n<li>Exceso de informaci\u00f3n<\/li>\n\n\n\n<li>Dem\u00e1s barreras en la comunicaci\u00f3n<\/li>\n<\/ul>\n\n\n<div class=\"wp-block-image is-style-default\">\n<figure class=\"aligncenter size-full is-resized\"><img decoding=\"async\" width=\"768\" height=\"860\" data-src=\"https:\/\/www.buwa.info\/blog\/wp-content\/uploads\/2025\/02\/comunicacion2.jpg\" alt=\"se\u00f1ales de humo\" class=\"wp-image-156 lazyload\" style=\"--smush-placeholder-width: 768px; --smush-placeholder-aspect-ratio: 768\/860;width:400px\" data-srcset=\"https:\/\/www.buwa.info\/blog\/wp-content\/uploads\/2025\/02\/comunicacion2.jpg 768w, https:\/\/www.buwa.info\/blog\/wp-content\/uploads\/2025\/02\/comunicacion2-268x300.jpg 268w\" data-sizes=\"(max-width: 768px) 100vw, 768px\" src=\"data:image\/gif;base64,R0lGODlhAQABAAAAACH5BAEKAAEALAAAAAABAAEAAAICTAEAOw==\" \/><\/figure>\n<\/div>\n\n\n<p>A pesar de ello, se pueden destacar una serie de&nbsp;objetivos que debiera contemplar cualquier plan de comunicaci\u00f3n interna:<\/p>\n\n\n\n<ul class=\"wp-block-list\">\n<li>Informar:\u00a0los trabajadores tienen que estar al corriente de la misi\u00f3n de la empresa, de su filosof\u00eda, de sus valores, de la estrategia, etc. En definitiva, tienen que estar al corriente de lo que sucede dentro de la empresa en todo momento, en la medida que sea posible. En este sentido, la organizaci\u00f3n se tiene que mostrar\u00a0transparente\u00a0y no tiene que tener miedo a compartir lo que sabe o lo que ocurre. Proporcionar informaci\u00f3n\u00a0reduce la incertidumbre y previene los rumores.<\/li>\n\n\n\n<li>Democratizar la comunicaci\u00f3n:\u00a0facilitar el di\u00e1logo entre la direcci\u00f3n y los trabajadores, el\u00a0feedback\u00a0de abajo hacia arriba, es fundamental para que las propuestas, las ideas y las dificultades circulen y se puedan tener siempre en cuenta.\u00a0Escuchar\u00a0a los equipos es fundamental para toda Organizaci\u00f3n.<\/li>\n\n\n\n<li>Potenciar la identidad y el sentimiento de pertenencia\u00a0de los trabajadores a la Compa\u00f1\u00eda para conseguir\u00a0retener el talento. El equipo humano aumentar\u00e1 su eficacia y su eficiencia en la medida que se sienta parte del proyecto y su papel en la<\/li>\n\n\n\n<li>Organizaci\u00f3n sea valorado positivamente. S\u00f3lo as\u00ed, estar\u00e1n dispuestos a dar lo mejor de ellos mismos. Adem\u00e1s, los equipos humanos son la cara visible de la empresa, con lo cual es imprescindible que se sientan identificados con la cultura de la organizaci\u00f3n para que puedan, as\u00ed, transmitir adecuadamente sus valores.<\/li>\n\n\n\n<li>Implicar y motivar:\u00a0involucrar a todos los miembros de la Organizaci\u00f3n, que todos se sientan part\u00edcipes del proyecto com\u00fan y tengan espacio para hacer\u00a0aportaciones y tomar decisiones. Tambi\u00e9n, resaltar sus virtudes, hacerlos brillar en aquello que sean mejores. Si los trabajadores participan activamente en la planificaci\u00f3n del proyecto y durante todo el proceso, se har\u00e1n suyos los objetivos a alcanzar y dedicar\u00e1n todas sus energ\u00edas a ello.<\/li>\n\n\n\n<li>Innovar:\u00a0buscar e implementar diferentes medios que permitan la comunicaci\u00f3n, haciendo uso de\u00a0nuevas estrategias y herramientas\u00a0que vayan m\u00e1s all\u00e1 de las tradicionales (por ejemplo: redes sociales internas, Newsletter, Wikis, tabl\u00f3n de anuncios, v\u00eddeos, jornadas, encuentros, etc.). Desde el uso de nuevas plataformas digitales hasta actividades m\u00e1s l\u00fadicas: cada empresa deber\u00e1 adaptarse a las opciones disponibles en cada momento e incorporarlas de acuerdo a sus necesidades. Y es importante no olvidar que tan valiosos son los espacios de\u00a0comunicaci\u00f3n formal,\u00a0como los espacios de\u00a0comunicaci\u00f3n informal, los que nacen de la espontaneidad.<\/li>\n\n\n\n<li>Compartir los \u00e9xitos: hacer part\u00edcipes a los trabajadores de los logros conseguidos y de la buena marcha de la empresa aumentar\u00e1 su satisfacci\u00f3n y su implicaci\u00f3n, ya que sentir\u00e1n que el \u00e9xito es tambi\u00e9n suyo.<\/li>\n<\/ul>\n\n\n<div class=\"wp-block-image\">\n<figure class=\"aligncenter size-full\"><img decoding=\"async\" width=\"1000\" height=\"667\" data-src=\"https:\/\/www.buwa.info\/blog\/wp-content\/uploads\/2025\/02\/comunicacion3.jpg\" alt=\"Vi\u00f1eta con puntos suspensivos\" class=\"wp-image-157 lazyload\" data-srcset=\"https:\/\/www.buwa.info\/blog\/wp-content\/uploads\/2025\/02\/comunicacion3.jpg 1000w, https:\/\/www.buwa.info\/blog\/wp-content\/uploads\/2025\/02\/comunicacion3-300x200.jpg 300w, https:\/\/www.buwa.info\/blog\/wp-content\/uploads\/2025\/02\/comunicacion3-768x512.jpg 768w\" data-sizes=\"(max-width: 1000px) 100vw, 1000px\" src=\"data:image\/gif;base64,R0lGODlhAQABAAAAACH5BAEKAAEALAAAAAABAAEAAAICTAEAOw==\" style=\"--smush-placeholder-width: 1000px; --smush-placeholder-aspect-ratio: 1000\/667;\" \/><\/figure>\n<\/div>\n\n\n<p>Tras este camino, es f\u00e1cil entender que el concepto de comunicaci\u00f3n no es s\u00f3lo una herramienta de apoyo, sino que&nbsp;gracias a dicho concepto&nbsp;cualquier \u00e1rea o departamento de una Compa\u00f1\u00eda puede evolucionar, optimizar recursos, ganar en eficiencia, reducir tiempos en sus proyectos, llegar a m\u00e1s personas y con mayor calidad\u2026 en definitiva, utilizado con inteligencia y gran sentido de la oportunidad se obtiene un importante avance ante cualquier objetivo que se haya planteado.<\/p>\n\n\n\n<p>Como hemos visto, desde el punto de vista de la comunicaci\u00f3n existe tal abanico de posibilidades y opciones que,&nbsp;dependiendo del mensaje que se quiera enviar, de los diferentes tipos de receptores y del tipo de \u201cfeedback\u201d&nbsp;que se quiera recibir, puedes definir la herramienta m\u00e1s adecuada.<\/p>\n\n\n\n<p>Otro aspecto a rese\u00f1ar es que, conociendo los canales tradicionales de comunicaci\u00f3n, se puede afirmar que siguen estando vigentes, pero adem\u00e1s&nbsp;con el avance de las nuevas tecnolog\u00edas encontramos novedosas f\u00f3rmulas de transmitir informaci\u00f3n, directrices, o cualquier tipo de mensaje que en alg\u00fan momento pueda interesar en una empresa, tanto de forma descendente, como ascendente, horizontal, etc.<\/p>\n\n\n\n<p>Dada la fecha en la que escribo este \u201cpost\u201d, marzo de 2020, es imposible evitar mencionar y relacionar todo ello con la&nbsp;crisis COVID19. Este es un escenario perfecto para poner a prueba el nivel de comunicaci\u00f3n de Instituciones Internacionales, Gobiernos Estatales, Auton\u00f3micos, Locales, Organismos P\u00fablicos\u2026 y como no, a las&nbsp;Empresas. La comunicaci\u00f3n va a ser uno de los factores relevantes durante estos d\u00edas.&nbsp;La utilizaci\u00f3n adecuada de herramientas de comunicaci\u00f3n, con los contenidos objetivos y m\u00e1s ajustados a la realidad, buscando el momento adecuado para su lanzamiento y seleccionando los receptores apropiados ser\u00e1 determinante para ayudar y evitar consecuencias econ\u00f3micas que pueden resultar devastadoras y definitivas para muchas Compa\u00f1\u00edas. S\u00f3lo queda desear que se tomen las decisiones m\u00e1s acertadas a todos los niveles y se comuniquen de la mejor forma posible; nos jugamos mucho.<\/p>\n\n\n\n<p><strong>\u00bfY t\u00fa qu\u00e9 estrategia de comunicaci\u00f3n piensas que es la id\u00f3nea?<\/strong><\/p>\n\n\n\n<p>Me encantar\u00eda conocer las buenas y\/o malas experiencias en cuanto a comunicaci\u00f3n organizativa que hayas vivido<\/p>\n","protected":false},"excerpt":{"rendered":"<p>La comunicaci\u00f3n es uno de los fen\u00f3menos esenciales para las relaciones humanas. Me atrever\u00eda a afirmar, a riesgo de ser exagerado, que puede estar a la altura de necesidades elementales o vitales como respirar o comer. Incluso los animales tienen&#8230; <a class=\"more-link\" href=\"https:\/\/www.buwa.info\/blog\/2020\/04\/17\/comunicacion-y-empresa\/\">Seguir leyendo &rarr;<\/a><\/p>\n","protected":false},"author":45,"featured_media":155,"comment_status":"open","ping_status":"open","sticky":false,"template":"","format":"standard","meta":{"footnotes":""},"categories":[36],"tags":[],"class_list":["post-514","post","type-post","status-publish","format-standard","has-post-thumbnail","hentry","category-comunicacion-y-mkt"],"yoast_head":"<!-- This site is optimized with the Yoast SEO Premium plugin v24.5 (Yoast SEO v24.5) - https:\/\/yoast.com\/wordpress\/plugins\/seo\/ -->\n<title>Comunicaci\u00f3n y empresa - BUWA Blog<\/title>\n<meta name=\"robots\" content=\"index, follow, max-snippet:-1, max-image-preview:large, max-video-preview:-1\" \/>\n<link rel=\"canonical\" href=\"https:\/\/www.buwa.info\/blog\/2020\/04\/17\/comunicacion-y-empresa\/\" \/>\n<meta property=\"og:locale\" content=\"es_ES\" \/>\n<meta property=\"og:type\" content=\"article\" \/>\n<meta property=\"og:title\" content=\"Comunicaci\u00f3n y empresa\" \/>\n<meta property=\"og:description\" content=\"La comunicaci\u00f3n es uno de los fen\u00f3menos esenciales para las relaciones humanas. Me atrever\u00eda a afirmar, a riesgo de ser exagerado, que puede estar a la altura de necesidades elementales o vitales como respirar o comer. Incluso los animales tienen... Seguir leyendo &rarr;\" \/>\n<meta property=\"og:url\" content=\"https:\/\/www.buwa.info\/blog\/2020\/04\/17\/comunicacion-y-empresa\/\" \/>\n<meta property=\"og:site_name\" content=\"BUWA Blog\" \/>\n<meta property=\"article:published_time\" content=\"2020-04-17T17:05:00+00:00\" \/>\n<meta property=\"article:modified_time\" content=\"2025-03-06T18:08:09+00:00\" \/>\n<meta property=\"og:image\" content=\"https:\/\/www.buwa.info\/blog\/wp-content\/uploads\/2025\/02\/comunicacion1.jpg\" \/>\n\t<meta property=\"og:image:width\" content=\"1024\" \/>\n\t<meta property=\"og:image:height\" content=\"767\" \/>\n\t<meta property=\"og:image:type\" content=\"image\/jpeg\" \/>\n<meta name=\"author\" content=\"Javier Pernas\" \/>\n<meta name=\"twitter:card\" content=\"summary_large_image\" \/>\n<meta name=\"twitter:label1\" content=\"Escrito por\" \/>\n\t<meta name=\"twitter:data1\" content=\"Javier Pernas\" \/>\n\t<meta name=\"twitter:label2\" content=\"Tiempo de lectura\" \/>\n\t<meta name=\"twitter:data2\" content=\"7 minutos\" \/>\n<script type=\"application\/ld+json\" class=\"yoast-schema-graph\">{\"@context\":\"https:\/\/schema.org\",\"@graph\":[{\"@type\":\"Article\",\"@id\":\"https:\/\/www.buwa.info\/blog\/2020\/04\/17\/comunicacion-y-empresa\/#article\",\"isPartOf\":{\"@id\":\"https:\/\/www.buwa.info\/blog\/2020\/04\/17\/comunicacion-y-empresa\/\"},\"author\":{\"name\":\"Javier Pernas\",\"@id\":\"https:\/\/www.buwa.info\/blog\/#\/schema\/person\/9765e3175ef39b650efb63329a32c2ac\"},\"headline\":\"Comunicaci\u00f3n y empresa\",\"datePublished\":\"2020-04-17T17:05:00+00:00\",\"dateModified\":\"2025-03-06T18:08:09+00:00\",\"mainEntityOfPage\":{\"@id\":\"https:\/\/www.buwa.info\/blog\/2020\/04\/17\/comunicacion-y-empresa\/\"},\"wordCount\":1304,\"commentCount\":0,\"publisher\":{\"@id\":\"https:\/\/www.buwa.info\/blog\/#organization\"},\"image\":{\"@id\":\"https:\/\/www.buwa.info\/blog\/2020\/04\/17\/comunicacion-y-empresa\/#primaryimage\"},\"thumbnailUrl\":\"https:\/\/www.buwa.info\/blog\/wp-content\/uploads\/2025\/02\/comunicacion1.jpg\",\"articleSection\":[\"Comunicaci\u00f3n y MKT\"],\"inLanguage\":\"es\",\"potentialAction\":[{\"@type\":\"CommentAction\",\"name\":\"Comment\",\"target\":[\"https:\/\/www.buwa.info\/blog\/2020\/04\/17\/comunicacion-y-empresa\/#respond\"]}]},{\"@type\":\"WebPage\",\"@id\":\"https:\/\/www.buwa.info\/blog\/2020\/04\/17\/comunicacion-y-empresa\/\",\"url\":\"https:\/\/www.buwa.info\/blog\/2020\/04\/17\/comunicacion-y-empresa\/\",\"name\":\"Comunicaci\u00f3n y empresa - BUWA Blog\",\"isPartOf\":{\"@id\":\"https:\/\/www.buwa.info\/blog\/#website\"},\"primaryImageOfPage\":{\"@id\":\"https:\/\/www.buwa.info\/blog\/2020\/04\/17\/comunicacion-y-empresa\/#primaryimage\"},\"image\":{\"@id\":\"https:\/\/www.buwa.info\/blog\/2020\/04\/17\/comunicacion-y-empresa\/#primaryimage\"},\"thumbnailUrl\":\"https:\/\/www.buwa.info\/blog\/wp-content\/uploads\/2025\/02\/comunicacion1.jpg\",\"datePublished\":\"2020-04-17T17:05:00+00:00\",\"dateModified\":\"2025-03-06T18:08:09+00:00\",\"breadcrumb\":{\"@id\":\"https:\/\/www.buwa.info\/blog\/2020\/04\/17\/comunicacion-y-empresa\/#breadcrumb\"},\"inLanguage\":\"es\",\"potentialAction\":[{\"@type\":\"ReadAction\",\"target\":[\"https:\/\/www.buwa.info\/blog\/2020\/04\/17\/comunicacion-y-empresa\/\"]}]},{\"@type\":\"ImageObject\",\"inLanguage\":\"es\",\"@id\":\"https:\/\/www.buwa.info\/blog\/2020\/04\/17\/comunicacion-y-empresa\/#primaryimage\",\"url\":\"https:\/\/www.buwa.info\/blog\/wp-content\/uploads\/2025\/02\/comunicacion1.jpg\",\"contentUrl\":\"https:\/\/www.buwa.info\/blog\/wp-content\/uploads\/2025\/02\/comunicacion1.jpg\",\"width\":1024,\"height\":767},{\"@type\":\"BreadcrumbList\",\"@id\":\"https:\/\/www.buwa.info\/blog\/2020\/04\/17\/comunicacion-y-empresa\/#breadcrumb\",\"itemListElement\":[{\"@type\":\"ListItem\",\"position\":1,\"name\":\"Portada\",\"item\":\"https:\/\/www.buwa.info\/blog\/\"},{\"@type\":\"ListItem\",\"position\":2,\"name\":\"Comunicaci\u00f3n y empresa\"}]},{\"@type\":\"WebSite\",\"@id\":\"https:\/\/www.buwa.info\/blog\/#website\",\"url\":\"https:\/\/www.buwa.info\/blog\/\",\"name\":\"BUWA Blog\",\"description\":\"Blog independiente de Recursos Humanos \/ Personas \/ Felicidad, pero sobre todo, Estrategia.\",\"publisher\":{\"@id\":\"https:\/\/www.buwa.info\/blog\/#organization\"},\"potentialAction\":[{\"@type\":\"SearchAction\",\"target\":{\"@type\":\"EntryPoint\",\"urlTemplate\":\"https:\/\/www.buwa.info\/blog\/?s={search_term_string}\"},\"query-input\":{\"@type\":\"PropertyValueSpecification\",\"valueRequired\":true,\"valueName\":\"search_term_string\"}}],\"inLanguage\":\"es\"},{\"@type\":\"Organization\",\"@id\":\"https:\/\/www.buwa.info\/blog\/#organization\",\"name\":\"BUWA Blog\",\"url\":\"https:\/\/www.buwa.info\/blog\/\",\"logo\":{\"@type\":\"ImageObject\",\"inLanguage\":\"es\",\"@id\":\"https:\/\/www.buwa.info\/blog\/#\/schema\/logo\/image\/\",\"url\":\"https:\/\/www.buwa.info\/blog\/wp-content\/uploads\/2025\/02\/buwa-blogw.png\",\"contentUrl\":\"https:\/\/www.buwa.info\/blog\/wp-content\/uploads\/2025\/02\/buwa-blogw.png\",\"width\":3612,\"height\":748,\"caption\":\"BUWA Blog\"},\"image\":{\"@id\":\"https:\/\/www.buwa.info\/blog\/#\/schema\/logo\/image\/\"}},{\"@type\":\"Person\",\"@id\":\"https:\/\/www.buwa.info\/blog\/#\/schema\/person\/9765e3175ef39b650efb63329a32c2ac\",\"name\":\"Javier Pernas\",\"image\":{\"@type\":\"ImageObject\",\"inLanguage\":\"es\",\"@id\":\"https:\/\/www.buwa.info\/blog\/#\/schema\/person\/image\/\",\"url\":\"https:\/\/www.buwa.info\/blog\/wp-content\/uploads\/2025\/03\/cropped-pernas-topaz-enhance-4x-faceai-96x96.jpg\",\"contentUrl\":\"https:\/\/www.buwa.info\/blog\/wp-content\/uploads\/2025\/03\/cropped-pernas-topaz-enhance-4x-faceai-96x96.jpg\",\"caption\":\"Javier Pernas\"},\"description\":\"Optimizando lo mejorable, pasi\u00f3n por las personas y los resultados.\",\"url\":\"https:\/\/www.buwa.info\/blog\/author\/javier-pernas\/\"}]}<\/script>\n<!-- \/ Yoast SEO Premium plugin. -->","yoast_head_json":{"title":"Comunicaci\u00f3n y empresa - BUWA Blog","robots":{"index":"index","follow":"follow","max-snippet":"max-snippet:-1","max-image-preview":"max-image-preview:large","max-video-preview":"max-video-preview:-1"},"canonical":"https:\/\/www.buwa.info\/blog\/2020\/04\/17\/comunicacion-y-empresa\/","og_locale":"es_ES","og_type":"article","og_title":"Comunicaci\u00f3n y empresa","og_description":"La comunicaci\u00f3n es uno de los fen\u00f3menos esenciales para las relaciones humanas. Me atrever\u00eda a afirmar, a riesgo de ser exagerado, que puede estar a la altura de necesidades elementales o vitales como respirar o comer. Incluso los animales tienen... Seguir leyendo &rarr;","og_url":"https:\/\/www.buwa.info\/blog\/2020\/04\/17\/comunicacion-y-empresa\/","og_site_name":"BUWA Blog","article_published_time":"2020-04-17T17:05:00+00:00","article_modified_time":"2025-03-06T18:08:09+00:00","og_image":[{"width":1024,"height":767,"url":"https:\/\/www.buwa.info\/blog\/wp-content\/uploads\/2025\/02\/comunicacion1.jpg","type":"image\/jpeg"}],"author":"Javier Pernas","twitter_card":"summary_large_image","twitter_misc":{"Escrito por":"Javier Pernas","Tiempo de lectura":"7 minutos"},"schema":{"@context":"https:\/\/schema.org","@graph":[{"@type":"Article","@id":"https:\/\/www.buwa.info\/blog\/2020\/04\/17\/comunicacion-y-empresa\/#article","isPartOf":{"@id":"https:\/\/www.buwa.info\/blog\/2020\/04\/17\/comunicacion-y-empresa\/"},"author":{"name":"Javier Pernas","@id":"https:\/\/www.buwa.info\/blog\/#\/schema\/person\/9765e3175ef39b650efb63329a32c2ac"},"headline":"Comunicaci\u00f3n y empresa","datePublished":"2020-04-17T17:05:00+00:00","dateModified":"2025-03-06T18:08:09+00:00","mainEntityOfPage":{"@id":"https:\/\/www.buwa.info\/blog\/2020\/04\/17\/comunicacion-y-empresa\/"},"wordCount":1304,"commentCount":0,"publisher":{"@id":"https:\/\/www.buwa.info\/blog\/#organization"},"image":{"@id":"https:\/\/www.buwa.info\/blog\/2020\/04\/17\/comunicacion-y-empresa\/#primaryimage"},"thumbnailUrl":"https:\/\/www.buwa.info\/blog\/wp-content\/uploads\/2025\/02\/comunicacion1.jpg","articleSection":["Comunicaci\u00f3n y MKT"],"inLanguage":"es","potentialAction":[{"@type":"CommentAction","name":"Comment","target":["https:\/\/www.buwa.info\/blog\/2020\/04\/17\/comunicacion-y-empresa\/#respond"]}]},{"@type":"WebPage","@id":"https:\/\/www.buwa.info\/blog\/2020\/04\/17\/comunicacion-y-empresa\/","url":"https:\/\/www.buwa.info\/blog\/2020\/04\/17\/comunicacion-y-empresa\/","name":"Comunicaci\u00f3n y empresa - BUWA Blog","isPartOf":{"@id":"https:\/\/www.buwa.info\/blog\/#website"},"primaryImageOfPage":{"@id":"https:\/\/www.buwa.info\/blog\/2020\/04\/17\/comunicacion-y-empresa\/#primaryimage"},"image":{"@id":"https:\/\/www.buwa.info\/blog\/2020\/04\/17\/comunicacion-y-empresa\/#primaryimage"},"thumbnailUrl":"https:\/\/www.buwa.info\/blog\/wp-content\/uploads\/2025\/02\/comunicacion1.jpg","datePublished":"2020-04-17T17:05:00+00:00","dateModified":"2025-03-06T18:08:09+00:00","breadcrumb":{"@id":"https:\/\/www.buwa.info\/blog\/2020\/04\/17\/comunicacion-y-empresa\/#breadcrumb"},"inLanguage":"es","potentialAction":[{"@type":"ReadAction","target":["https:\/\/www.buwa.info\/blog\/2020\/04\/17\/comunicacion-y-empresa\/"]}]},{"@type":"ImageObject","inLanguage":"es","@id":"https:\/\/www.buwa.info\/blog\/2020\/04\/17\/comunicacion-y-empresa\/#primaryimage","url":"https:\/\/www.buwa.info\/blog\/wp-content\/uploads\/2025\/02\/comunicacion1.jpg","contentUrl":"https:\/\/www.buwa.info\/blog\/wp-content\/uploads\/2025\/02\/comunicacion1.jpg","width":1024,"height":767},{"@type":"BreadcrumbList","@id":"https:\/\/www.buwa.info\/blog\/2020\/04\/17\/comunicacion-y-empresa\/#breadcrumb","itemListElement":[{"@type":"ListItem","position":1,"name":"Portada","item":"https:\/\/www.buwa.info\/blog\/"},{"@type":"ListItem","position":2,"name":"Comunicaci\u00f3n y empresa"}]},{"@type":"WebSite","@id":"https:\/\/www.buwa.info\/blog\/#website","url":"https:\/\/www.buwa.info\/blog\/","name":"BUWA Blog","description":"Blog independiente de Recursos Humanos \/ Personas \/ Felicidad, pero sobre todo, Estrategia.","publisher":{"@id":"https:\/\/www.buwa.info\/blog\/#organization"},"potentialAction":[{"@type":"SearchAction","target":{"@type":"EntryPoint","urlTemplate":"https:\/\/www.buwa.info\/blog\/?s={search_term_string}"},"query-input":{"@type":"PropertyValueSpecification","valueRequired":true,"valueName":"search_term_string"}}],"inLanguage":"es"},{"@type":"Organization","@id":"https:\/\/www.buwa.info\/blog\/#organization","name":"BUWA Blog","url":"https:\/\/www.buwa.info\/blog\/","logo":{"@type":"ImageObject","inLanguage":"es","@id":"https:\/\/www.buwa.info\/blog\/#\/schema\/logo\/image\/","url":"https:\/\/www.buwa.info\/blog\/wp-content\/uploads\/2025\/02\/buwa-blogw.png","contentUrl":"https:\/\/www.buwa.info\/blog\/wp-content\/uploads\/2025\/02\/buwa-blogw.png","width":3612,"height":748,"caption":"BUWA Blog"},"image":{"@id":"https:\/\/www.buwa.info\/blog\/#\/schema\/logo\/image\/"}},{"@type":"Person","@id":"https:\/\/www.buwa.info\/blog\/#\/schema\/person\/9765e3175ef39b650efb63329a32c2ac","name":"Javier Pernas","image":{"@type":"ImageObject","inLanguage":"es","@id":"https:\/\/www.buwa.info\/blog\/#\/schema\/person\/image\/","url":"https:\/\/www.buwa.info\/blog\/wp-content\/uploads\/2025\/03\/cropped-pernas-topaz-enhance-4x-faceai-96x96.jpg","contentUrl":"https:\/\/www.buwa.info\/blog\/wp-content\/uploads\/2025\/03\/cropped-pernas-topaz-enhance-4x-faceai-96x96.jpg","caption":"Javier Pernas"},"description":"Optimizando lo mejorable, pasi\u00f3n por las personas y los resultados.","url":"https:\/\/www.buwa.info\/blog\/author\/javier-pernas\/"}]}},"_links":{"self":[{"href":"https:\/\/www.buwa.info\/blog\/wp-json\/wp\/v2\/posts\/514","targetHints":{"allow":["GET"]}}],"collection":[{"href":"https:\/\/www.buwa.info\/blog\/wp-json\/wp\/v2\/posts"}],"about":[{"href":"https:\/\/www.buwa.info\/blog\/wp-json\/wp\/v2\/types\/post"}],"author":[{"embeddable":true,"href":"https:\/\/www.buwa.info\/blog\/wp-json\/wp\/v2\/users\/45"}],"replies":[{"embeddable":true,"href":"https:\/\/www.buwa.info\/blog\/wp-json\/wp\/v2\/comments?post=514"}],"version-history":[{"count":1,"href":"https:\/\/www.buwa.info\/blog\/wp-json\/wp\/v2\/posts\/514\/revisions"}],"predecessor-version":[{"id":515,"href":"https:\/\/www.buwa.info\/blog\/wp-json\/wp\/v2\/posts\/514\/revisions\/515"}],"wp:featuredmedia":[{"embeddable":true,"href":"https:\/\/www.buwa.info\/blog\/wp-json\/wp\/v2\/media\/155"}],"wp:attachment":[{"href":"https:\/\/www.buwa.info\/blog\/wp-json\/wp\/v2\/media?parent=514"}],"wp:term":[{"taxonomy":"category","embeddable":true,"href":"https:\/\/www.buwa.info\/blog\/wp-json\/wp\/v2\/categories?post=514"},{"taxonomy":"post_tag","embeddable":true,"href":"https:\/\/www.buwa.info\/blog\/wp-json\/wp\/v2\/tags?post=514"}],"curies":[{"name":"wp","href":"https:\/\/api.w.org\/{rel}","templated":true}]}}