{"id":519,"date":"2020-04-17T19:14:00","date_gmt":"2020-04-17T17:14:00","guid":{"rendered":"https:\/\/www.buwa.info\/blog\/?p=519"},"modified":"2025-03-18T16:59:19","modified_gmt":"2025-03-18T15:59:19","slug":"externalizar-o-no-he-aqui-la-segunda-cuestion","status":"publish","type":"post","link":"https:\/\/www.buwa.info\/blog\/2020\/04\/17\/externalizar-o-no-he-aqui-la-segunda-cuestion\/","title":{"rendered":"\u00bfExternalizar o no? He aqu\u00ed la segunda cuesti\u00f3n."},"content":{"rendered":"\n<p>En la actualidad, resulta una obviedad afirmar que los departamentos de Recursos Humanos \u2013 Personas \u2013 Felicidad (como prefieras) tienen la obligaci\u00f3n, como cualquier otro, de <strong>centrarse en aquellas funciones que aporten un valor a\u00f1adido a la compa\u00f1\u00eda impactando directamente en la consecuci\u00f3n de los objetivos de negocio.<\/strong><\/p>\n\n\n\n<p><strong>La globalizaci\u00f3n, las nuevas tecnolog\u00edas, la convivencia generacional y el incesante ritmo del mercado laboral hacen que las empresas deban transformarse y evolucionar hacia nuevas pol\u00edticas internas que integren todos y cada uno de estos cambios de manera \u00e1gil y constante. Tenemos que ser conscientes de que estamos inmersos en una continua reinvenci\u00f3n sin precedentes.<\/strong><\/p>\n\n\n\n<p>Es importante recordar que Recursos Humanos \u2013 Personas \u2013 Felicidad \u2013 etc\u00e9tera, <strong>es un \u00e1rea estrat\u00e9gica dentro de la organizaci\u00f3n<\/strong>; es el <strong>nexo de uni\u00f3n entre los objetivos de la compa\u00f1\u00eda y sus necesidades, as\u00ed como de las necesidades y nuevas peticiones del personal que las integra.<\/strong><\/p>\n\n\n\n<p>Cualquier pol\u00edtica o cambio a nivel de gesti\u00f3n empresarial&nbsp;para adaptarnos a los nuevos modelos de trabajo tecnol\u00f3gicos, hiperconectados, democr\u00e1ticos, \u00e1giles, flexibles y adaptables&nbsp;impactan directamente en la productividad de nuestros colaboradores&nbsp;con el consiguiente&nbsp;impacto directo en nuestras cuentas de resultados.<\/p>\n\n\n\n<p><strong>\u00bfY cu\u00e1les son las iniciativas que actualmente est\u00e1n de moda y que deber\u00edan ser un \u201cmust\u201d para cualquier \u00e1rea de Recursos Humanos\/Personas\/Felicidad etc.?<\/strong><\/p>\n\n\n\n<ul class=\"wp-block-list\">\n<li>Responsabilidad Social Corporativa<\/li>\n\n\n\n<li>Programas de desarrollo continuo y movilidad interna<\/li>\n\n\n\n<li>B\u00fasqueda de la excelencia operativa del negocio<\/li>\n\n\n\n<li>Conciliaci\u00f3n y flexibilidad<\/li>\n\n\n\n<li>Igualdad<\/li>\n\n\n\n<li>Negociaci\u00f3n con nuevos partners<\/li>\n\n\n\n<li>Desarrollo local e internacional<\/li>\n\n\n\n<li>Employer branding, atracci\u00f3n y fidelizaci\u00f3n de talento<\/li>\n\n\n\n<li>Transformaci\u00f3n digital de las organizaciones<\/li>\n\n\n\n<li>y un largo etc\u00e9tera . . .<\/li>\n<\/ul>\n\n\n\n<p><strong>Para que nuestra funci\u00f3n pueda hacer frente a estas l\u00edneas de una manera eficiente, \u00e1gil y eficaz es necesario&nbsp;descentralizar aquellas \u00e1reas que no representen el core de nuestro &nbsp;negocio<\/strong>; dejarnos de ocupar de todo aquello que no impacta directamente en la productividad de nuestras personas, en el desempe\u00f1o de nuestros equipos, en definitiva dejar de hacer lo que cualquier empleado considera un \u201cmust\u201d como empleado.<\/p>\n\n\n\n<p>Centr\u00e1ndonos en el \u00e1mbito de&nbsp;<strong>reclutamiento y selecci\u00f3n<\/strong>, todos conocemos el&nbsp;uso de consultoras, ETT\u00b4s, outsourcing, headhunters&nbsp;que pueden gestionar volumen o perfiles a los que por especializaci\u00f3n nuestras \u00e1reas internas no llegar\u00edan o errar\u00edan.<\/p>\n\n\n\n<p>De esta manera, como comenzaba el art\u00edculo,&nbsp;podemos centrarnos en las funciones que realmente aportan valor al negocio&nbsp;e impactan directamente en la cuenta de resultados de la organizaci\u00f3n.<\/p>\n\n\n\n<p>\u00bfPero, y si este servicio est\u00e1 dentro de tu compa\u00f1\u00eda?<\/p>\n\n\n<div class=\"wp-block-image is-style-rounded\">\n<figure class=\"aligncenter size-full is-resized\"><img decoding=\"async\" width=\"1496\" height=\"996\" data-src=\"https:\/\/www.buwa.info\/blog\/wp-content\/uploads\/2025\/03\/externalizar2-topaz-enhance-4x.jpg\" alt=\"\" class=\"wp-image-520 lazyload\" style=\"--smush-placeholder-width: 1496px; --smush-placeholder-aspect-ratio: 1496\/996;aspect-ratio:1;width:500px\" data-srcset=\"https:\/\/www.buwa.info\/blog\/wp-content\/uploads\/2025\/03\/externalizar2-topaz-enhance-4x.jpg 1496w, https:\/\/www.buwa.info\/blog\/wp-content\/uploads\/2025\/03\/externalizar2-topaz-enhance-4x-300x200.jpg 300w, https:\/\/www.buwa.info\/blog\/wp-content\/uploads\/2025\/03\/externalizar2-topaz-enhance-4x-1024x682.jpg 1024w, https:\/\/www.buwa.info\/blog\/wp-content\/uploads\/2025\/03\/externalizar2-topaz-enhance-4x-768x511.jpg 768w, https:\/\/www.buwa.info\/blog\/wp-content\/uploads\/2025\/03\/externalizar2-topaz-enhance-4x-600x399.jpg 600w, https:\/\/www.buwa.info\/blog\/wp-content\/uploads\/2025\/03\/externalizar2-topaz-enhance-4x-945x629.jpg 945w\" data-sizes=\"(max-width: 1496px) 100vw, 1496px\" src=\"data:image\/gif;base64,R0lGODlhAQABAAAAACH5BAEKAAEALAAAAAABAAEAAAICTAEAOw==\" \/><\/figure>\n<\/div>\n\n\n<p><strong>Yendo un paso m\u00e1s all\u00e1, en el \u00e1mbito de selecci\u00f3n ante procesos de selecci\u00f3n masivos y recurrentes de un mismo perfil (esto sucede por ejemplo en entornos productivos, redes de retail de grandes empresas, compa\u00f1\u00edas de call center, etc.) la soluci\u00f3n m\u00e1s eficiente y estrat\u00e9gica es lo que conocemos como i<em>n-plant<\/em>.<\/strong><\/p>\n\n\n\n<p><strong><em>In-plant,<\/em> una persona u organizaci\u00f3n externa que funcione como partner directo dentro de tu propio \u00e1rea<\/strong>, viviendo tu mismo d\u00eda a d\u00eda, hablando tu idioma, implicado en los objetivos y adelant\u00e1ndose a las necesidades m\u00e1s operativas del negocio sin \u201cocupar\u201d un \u201cHead Count\u201d de nuestro \u00e1rea de Recursos Humanos\/Personas\/Felicidad etc. para que \u00e9sta se pueda centrar en aportar valor a la compa\u00f1\u00eda y en ser un aliado estrat\u00e9gico (un aut\u00e9ntico \u201cBusiness Partner\u201d)<\/p>\n\n\n\n<p>Objetivamente, si lo medimos en tiempo:<\/p>\n\n\n<div class=\"wp-block-image\">\n<figure class=\"aligncenter size-full\"><img decoding=\"async\" width=\"300\" height=\"169\" data-src=\"https:\/\/www.buwa.info\/blog\/wp-content\/uploads\/2025\/02\/externalizar3.jpg\" alt=\"\" class=\"wp-image-212 lazyload\" src=\"data:image\/gif;base64,R0lGODlhAQABAAAAACH5BAEKAAEALAAAAAABAAEAAAICTAEAOw==\" style=\"--smush-placeholder-width: 300px; --smush-placeholder-aspect-ratio: 300\/169;\" \/><\/figure>\n<\/div>\n\n\n<p><strong>\u00bfCu\u00e1nto tiempo ocupa un proceso de selecci\u00f3n de un perfil operativo a un \u00e1rea de selecci\u00f3n interna?<\/strong><\/p>\n\n\n\n<ul class=\"wp-block-list\">\n<li>Descripci\u00f3n de puesto de trabajo : 30 minutos<\/li>\n\n\n\n<li>Seleccionar, contactar, publicar, negociar los portales de empleo: 30 minutos<\/li>\n\n\n\n<li>Cribado y reclutamiento: 500 minutos<\/li>\n\n\n\n<li>Selecci\u00f3n de 10 mejores y 5 finalistas: 100 minutos.<\/li>\n\n\n\n<li>Convocatoria y selecci\u00f3n de 5 finalistas: 450 minutos.<\/li>\n\n\n\n<li>Convocatoria y selecci\u00f3n de dos candidatos finalistas: 120 minutos<\/li>\n\n\n\n<li>(Si solicitamos referencias, pruebas): 40 minutos<\/li>\n\n\n\n<li>Decisi\u00f3n final y comunicaci\u00f3n de los perfiles no seleccionados: 50 minutos<\/li>\n\n\n\n<li><strong>TOTAL: 1320 minutos; 22 horas<\/strong><\/li>\n<\/ul>\n\n\n\n<p><strong>\u00bfCu\u00e1nto tiempo ocupa un proceso de selecci\u00f3n de un perfil operativo&nbsp;si lo externalizamos?<\/strong><\/p>\n\n\n\n<ul class=\"wp-block-list\">\n<li>Descripci\u00f3n de puesto de trabajo: 30 minutos<\/li>\n\n\n\n<li>Entrevista de 3 personas finalistas: 90 minutos<\/li>\n\n\n\n<li>Decisi\u00f3n final y comunicaci\u00f3n a responsables: 30 minutos<\/li>\n\n\n\n<li><strong>TOTAL: 140 minutos; 2.5 horas.<\/strong><\/li>\n\n\n\n<li><strong>AHORRO: 19,5 horas<\/strong><\/li>\n<\/ul>\n\n\n\n<p>A ese tiempo adem\u00e1s del coste salarial del o de los trabajadores que realizan estas funciones hay que sumar los costes asociados de fuentes de reclutamiento, pruebas profesionales, psicot\u00e9cnicas, de idiomas, prevenci\u00f3n de riesgos entre otras\u2026<\/p>\n\n\n\n<p><strong>Estamos hablando de un&nbsp;ahorro de costes de aproximadamente del 34%. Si a esto le sumas la posibilidad de contar, mediante in-plant, de&nbsp;partners aliados integrados en tu compa\u00f1\u00eda&nbsp;y formados y comprometidos de acuerdo a tus necesidades y valores, conseguir\u00e1s&nbsp;incrementar los ratios de productividad de tu departamento en cuanto a funciones \u201cmust\u201d y conseguir un servicio global 100%&nbsp; focalizado en los objetivos estrat\u00e9gicos de tu empresa.<\/strong><\/p>\n\n\n\n<p>\u00bfT\u00fa que opinas? \u00bfRecomendar\u00edas (o no) alguna empresa para externalizar esta clase de funciones?<\/p>\n\n\n\n<p>\u00a1Gracias por tus aportaciones!<\/p>\n","protected":false},"excerpt":{"rendered":"<p>C\u00f3mo nos va a impactar en la productividad, los costes y la eficiencia al hacerlo o no. Analiza ventajas, desventajas y el rol del in-plant en la transformaci\u00f3n empresarial.<\/p>\n","protected":false},"author":46,"featured_media":210,"comment_status":"open","ping_status":"open","sticky":false,"template":"","format":"standard","meta":{"footnotes":""},"categories":[35],"tags":[],"class_list":["post-519","post","type-post","status-publish","format-standard","has-post-thumbnail","hentry","category-atraccion-y-seleccion"],"yoast_head":"<!-- This site is optimized with the Yoast SEO Premium plugin v24.5 (Yoast SEO v24.5) - https:\/\/yoast.com\/wordpress\/plugins\/seo\/ -->\n<title>\u00bfExternalizar o no? He aqu\u00ed la segunda cuesti\u00f3n. - BUWA Blog<\/title>\n<meta name=\"robots\" content=\"index, follow, max-snippet:-1, max-image-preview:large, max-video-preview:-1\" \/>\n<link rel=\"canonical\" href=\"https:\/\/www.buwa.info\/blog\/2020\/04\/17\/externalizar-o-no-he-aqui-la-segunda-cuestion\/\" \/>\n<meta property=\"og:locale\" content=\"es_ES\" \/>\n<meta property=\"og:type\" content=\"article\" \/>\n<meta property=\"og:title\" content=\"\u00bfExternalizar o no? He aqu\u00ed la segunda cuesti\u00f3n.\" \/>\n<meta property=\"og:description\" content=\"C\u00f3mo nos va a impactar en la productividad, los costes y la eficiencia al hacerlo o no. Analiza ventajas, desventajas y el rol del in-plant en la transformaci\u00f3n empresarial.\" \/>\n<meta property=\"og:url\" content=\"https:\/\/www.buwa.info\/blog\/2020\/04\/17\/externalizar-o-no-he-aqui-la-segunda-cuestion\/\" \/>\n<meta property=\"og:site_name\" content=\"BUWA Blog\" \/>\n<meta property=\"article:published_time\" content=\"2020-04-17T17:14:00+00:00\" \/>\n<meta property=\"article:modified_time\" content=\"2025-03-18T15:59:19+00:00\" \/>\n<meta property=\"og:image\" content=\"https:\/\/www.buwa.info\/blog\/wp-content\/uploads\/2025\/02\/externalizar1.jpg\" \/>\n\t<meta property=\"og:image:width\" content=\"1000\" \/>\n\t<meta property=\"og:image:height\" content=\"498\" \/>\n\t<meta property=\"og:image:type\" content=\"image\/jpeg\" \/>\n<meta name=\"author\" content=\"Andrea Tabuenca\" \/>\n<meta name=\"twitter:card\" content=\"summary_large_image\" \/>\n<meta name=\"twitter:label1\" content=\"Escrito por\" \/>\n\t<meta name=\"twitter:data1\" content=\"Andrea Tabuenca\" \/>\n\t<meta name=\"twitter:label2\" content=\"Tiempo de lectura\" \/>\n\t<meta name=\"twitter:data2\" content=\"5 minutos\" \/>\n<script type=\"application\/ld+json\" class=\"yoast-schema-graph\">{\"@context\":\"https:\/\/schema.org\",\"@graph\":[{\"@type\":\"Article\",\"@id\":\"https:\/\/www.buwa.info\/blog\/2020\/04\/17\/externalizar-o-no-he-aqui-la-segunda-cuestion\/#article\",\"isPartOf\":{\"@id\":\"https:\/\/www.buwa.info\/blog\/2020\/04\/17\/externalizar-o-no-he-aqui-la-segunda-cuestion\/\"},\"author\":{\"name\":\"Andrea Tabuenca\",\"@id\":\"https:\/\/www.buwa.info\/blog\/#\/schema\/person\/3ff24ed636f7068254365519d562b913\"},\"headline\":\"\u00bfExternalizar o no? He aqu\u00ed la segunda cuesti\u00f3n.\",\"datePublished\":\"2020-04-17T17:14:00+00:00\",\"dateModified\":\"2025-03-18T15:59:19+00:00\",\"mainEntityOfPage\":{\"@id\":\"https:\/\/www.buwa.info\/blog\/2020\/04\/17\/externalizar-o-no-he-aqui-la-segunda-cuestion\/\"},\"wordCount\":860,\"commentCount\":0,\"publisher\":{\"@id\":\"https:\/\/www.buwa.info\/blog\/#organization\"},\"image\":{\"@id\":\"https:\/\/www.buwa.info\/blog\/2020\/04\/17\/externalizar-o-no-he-aqui-la-segunda-cuestion\/#primaryimage\"},\"thumbnailUrl\":\"https:\/\/www.buwa.info\/blog\/wp-content\/uploads\/2025\/02\/externalizar1.jpg\",\"articleSection\":[\"Atracci\u00f3n y Selecci\u00f3n\"],\"inLanguage\":\"es\",\"potentialAction\":[{\"@type\":\"CommentAction\",\"name\":\"Comment\",\"target\":[\"https:\/\/www.buwa.info\/blog\/2020\/04\/17\/externalizar-o-no-he-aqui-la-segunda-cuestion\/#respond\"]}]},{\"@type\":\"WebPage\",\"@id\":\"https:\/\/www.buwa.info\/blog\/2020\/04\/17\/externalizar-o-no-he-aqui-la-segunda-cuestion\/\",\"url\":\"https:\/\/www.buwa.info\/blog\/2020\/04\/17\/externalizar-o-no-he-aqui-la-segunda-cuestion\/\",\"name\":\"\u00bfExternalizar o no? He aqu\u00ed la segunda cuesti\u00f3n. - BUWA Blog\",\"isPartOf\":{\"@id\":\"https:\/\/www.buwa.info\/blog\/#website\"},\"primaryImageOfPage\":{\"@id\":\"https:\/\/www.buwa.info\/blog\/2020\/04\/17\/externalizar-o-no-he-aqui-la-segunda-cuestion\/#primaryimage\"},\"image\":{\"@id\":\"https:\/\/www.buwa.info\/blog\/2020\/04\/17\/externalizar-o-no-he-aqui-la-segunda-cuestion\/#primaryimage\"},\"thumbnailUrl\":\"https:\/\/www.buwa.info\/blog\/wp-content\/uploads\/2025\/02\/externalizar1.jpg\",\"datePublished\":\"2020-04-17T17:14:00+00:00\",\"dateModified\":\"2025-03-18T15:59:19+00:00\",\"breadcrumb\":{\"@id\":\"https:\/\/www.buwa.info\/blog\/2020\/04\/17\/externalizar-o-no-he-aqui-la-segunda-cuestion\/#breadcrumb\"},\"inLanguage\":\"es\",\"potentialAction\":[{\"@type\":\"ReadAction\",\"target\":[\"https:\/\/www.buwa.info\/blog\/2020\/04\/17\/externalizar-o-no-he-aqui-la-segunda-cuestion\/\"]}]},{\"@type\":\"ImageObject\",\"inLanguage\":\"es\",\"@id\":\"https:\/\/www.buwa.info\/blog\/2020\/04\/17\/externalizar-o-no-he-aqui-la-segunda-cuestion\/#primaryimage\",\"url\":\"https:\/\/www.buwa.info\/blog\/wp-content\/uploads\/2025\/02\/externalizar1.jpg\",\"contentUrl\":\"https:\/\/www.buwa.info\/blog\/wp-content\/uploads\/2025\/02\/externalizar1.jpg\",\"width\":1000,\"height\":498},{\"@type\":\"BreadcrumbList\",\"@id\":\"https:\/\/www.buwa.info\/blog\/2020\/04\/17\/externalizar-o-no-he-aqui-la-segunda-cuestion\/#breadcrumb\",\"itemListElement\":[{\"@type\":\"ListItem\",\"position\":1,\"name\":\"Portada\",\"item\":\"https:\/\/www.buwa.info\/blog\/\"},{\"@type\":\"ListItem\",\"position\":2,\"name\":\"\u00bfExternalizar o no? He aqu\u00ed la segunda cuesti\u00f3n.\"}]},{\"@type\":\"WebSite\",\"@id\":\"https:\/\/www.buwa.info\/blog\/#website\",\"url\":\"https:\/\/www.buwa.info\/blog\/\",\"name\":\"BUWA Blog\",\"description\":\"Blog independiente de Recursos Humanos \/ Personas \/ Felicidad, pero sobre todo, Estrategia.\",\"publisher\":{\"@id\":\"https:\/\/www.buwa.info\/blog\/#organization\"},\"potentialAction\":[{\"@type\":\"SearchAction\",\"target\":{\"@type\":\"EntryPoint\",\"urlTemplate\":\"https:\/\/www.buwa.info\/blog\/?s={search_term_string}\"},\"query-input\":{\"@type\":\"PropertyValueSpecification\",\"valueRequired\":true,\"valueName\":\"search_term_string\"}}],\"inLanguage\":\"es\"},{\"@type\":\"Organization\",\"@id\":\"https:\/\/www.buwa.info\/blog\/#organization\",\"name\":\"BUWA Blog\",\"url\":\"https:\/\/www.buwa.info\/blog\/\",\"logo\":{\"@type\":\"ImageObject\",\"inLanguage\":\"es\",\"@id\":\"https:\/\/www.buwa.info\/blog\/#\/schema\/logo\/image\/\",\"url\":\"https:\/\/www.buwa.info\/blog\/wp-content\/uploads\/2025\/02\/buwa-blogw.png\",\"contentUrl\":\"https:\/\/www.buwa.info\/blog\/wp-content\/uploads\/2025\/02\/buwa-blogw.png\",\"width\":3612,\"height\":748,\"caption\":\"BUWA Blog\"},\"image\":{\"@id\":\"https:\/\/www.buwa.info\/blog\/#\/schema\/logo\/image\/\"}},{\"@type\":\"Person\",\"@id\":\"https:\/\/www.buwa.info\/blog\/#\/schema\/person\/3ff24ed636f7068254365519d562b913\",\"name\":\"Andrea Tabuenca\",\"image\":{\"@type\":\"ImageObject\",\"inLanguage\":\"es\",\"@id\":\"https:\/\/www.buwa.info\/blog\/#\/schema\/person\/image\/\",\"url\":\"https:\/\/www.buwa.info\/blog\/wp-content\/uploads\/2025\/02\/cropped-cropped-Andrea-Tabuenca-del-Cerro-300x300-1-96x96.jpg\",\"contentUrl\":\"https:\/\/www.buwa.info\/blog\/wp-content\/uploads\/2025\/02\/cropped-cropped-Andrea-Tabuenca-del-Cerro-300x300-1-96x96.jpg\",\"caption\":\"Andrea Tabuenca\"},\"description\":\"Especialista en Personas, Objetivos y Empresas.\",\"url\":\"https:\/\/www.buwa.info\/blog\/author\/andrea-tabuenca\/\"}]}<\/script>\n<!-- \/ Yoast SEO Premium plugin. -->","yoast_head_json":{"title":"\u00bfExternalizar o no? He aqu\u00ed la segunda cuesti\u00f3n. - BUWA Blog","robots":{"index":"index","follow":"follow","max-snippet":"max-snippet:-1","max-image-preview":"max-image-preview:large","max-video-preview":"max-video-preview:-1"},"canonical":"https:\/\/www.buwa.info\/blog\/2020\/04\/17\/externalizar-o-no-he-aqui-la-segunda-cuestion\/","og_locale":"es_ES","og_type":"article","og_title":"\u00bfExternalizar o no? He aqu\u00ed la segunda cuesti\u00f3n.","og_description":"C\u00f3mo nos va a impactar en la productividad, los costes y la eficiencia al hacerlo o no. Analiza ventajas, desventajas y el rol del in-plant en la transformaci\u00f3n empresarial.","og_url":"https:\/\/www.buwa.info\/blog\/2020\/04\/17\/externalizar-o-no-he-aqui-la-segunda-cuestion\/","og_site_name":"BUWA Blog","article_published_time":"2020-04-17T17:14:00+00:00","article_modified_time":"2025-03-18T15:59:19+00:00","og_image":[{"width":1000,"height":498,"url":"https:\/\/www.buwa.info\/blog\/wp-content\/uploads\/2025\/02\/externalizar1.jpg","type":"image\/jpeg"}],"author":"Andrea Tabuenca","twitter_card":"summary_large_image","twitter_misc":{"Escrito por":"Andrea Tabuenca","Tiempo de lectura":"5 minutos"},"schema":{"@context":"https:\/\/schema.org","@graph":[{"@type":"Article","@id":"https:\/\/www.buwa.info\/blog\/2020\/04\/17\/externalizar-o-no-he-aqui-la-segunda-cuestion\/#article","isPartOf":{"@id":"https:\/\/www.buwa.info\/blog\/2020\/04\/17\/externalizar-o-no-he-aqui-la-segunda-cuestion\/"},"author":{"name":"Andrea Tabuenca","@id":"https:\/\/www.buwa.info\/blog\/#\/schema\/person\/3ff24ed636f7068254365519d562b913"},"headline":"\u00bfExternalizar o no? He aqu\u00ed la segunda cuesti\u00f3n.","datePublished":"2020-04-17T17:14:00+00:00","dateModified":"2025-03-18T15:59:19+00:00","mainEntityOfPage":{"@id":"https:\/\/www.buwa.info\/blog\/2020\/04\/17\/externalizar-o-no-he-aqui-la-segunda-cuestion\/"},"wordCount":860,"commentCount":0,"publisher":{"@id":"https:\/\/www.buwa.info\/blog\/#organization"},"image":{"@id":"https:\/\/www.buwa.info\/blog\/2020\/04\/17\/externalizar-o-no-he-aqui-la-segunda-cuestion\/#primaryimage"},"thumbnailUrl":"https:\/\/www.buwa.info\/blog\/wp-content\/uploads\/2025\/02\/externalizar1.jpg","articleSection":["Atracci\u00f3n y Selecci\u00f3n"],"inLanguage":"es","potentialAction":[{"@type":"CommentAction","name":"Comment","target":["https:\/\/www.buwa.info\/blog\/2020\/04\/17\/externalizar-o-no-he-aqui-la-segunda-cuestion\/#respond"]}]},{"@type":"WebPage","@id":"https:\/\/www.buwa.info\/blog\/2020\/04\/17\/externalizar-o-no-he-aqui-la-segunda-cuestion\/","url":"https:\/\/www.buwa.info\/blog\/2020\/04\/17\/externalizar-o-no-he-aqui-la-segunda-cuestion\/","name":"\u00bfExternalizar o no? He aqu\u00ed la segunda cuesti\u00f3n. - BUWA Blog","isPartOf":{"@id":"https:\/\/www.buwa.info\/blog\/#website"},"primaryImageOfPage":{"@id":"https:\/\/www.buwa.info\/blog\/2020\/04\/17\/externalizar-o-no-he-aqui-la-segunda-cuestion\/#primaryimage"},"image":{"@id":"https:\/\/www.buwa.info\/blog\/2020\/04\/17\/externalizar-o-no-he-aqui-la-segunda-cuestion\/#primaryimage"},"thumbnailUrl":"https:\/\/www.buwa.info\/blog\/wp-content\/uploads\/2025\/02\/externalizar1.jpg","datePublished":"2020-04-17T17:14:00+00:00","dateModified":"2025-03-18T15:59:19+00:00","breadcrumb":{"@id":"https:\/\/www.buwa.info\/blog\/2020\/04\/17\/externalizar-o-no-he-aqui-la-segunda-cuestion\/#breadcrumb"},"inLanguage":"es","potentialAction":[{"@type":"ReadAction","target":["https:\/\/www.buwa.info\/blog\/2020\/04\/17\/externalizar-o-no-he-aqui-la-segunda-cuestion\/"]}]},{"@type":"ImageObject","inLanguage":"es","@id":"https:\/\/www.buwa.info\/blog\/2020\/04\/17\/externalizar-o-no-he-aqui-la-segunda-cuestion\/#primaryimage","url":"https:\/\/www.buwa.info\/blog\/wp-content\/uploads\/2025\/02\/externalizar1.jpg","contentUrl":"https:\/\/www.buwa.info\/blog\/wp-content\/uploads\/2025\/02\/externalizar1.jpg","width":1000,"height":498},{"@type":"BreadcrumbList","@id":"https:\/\/www.buwa.info\/blog\/2020\/04\/17\/externalizar-o-no-he-aqui-la-segunda-cuestion\/#breadcrumb","itemListElement":[{"@type":"ListItem","position":1,"name":"Portada","item":"https:\/\/www.buwa.info\/blog\/"},{"@type":"ListItem","position":2,"name":"\u00bfExternalizar o no? He aqu\u00ed la segunda cuesti\u00f3n."}]},{"@type":"WebSite","@id":"https:\/\/www.buwa.info\/blog\/#website","url":"https:\/\/www.buwa.info\/blog\/","name":"BUWA Blog","description":"Blog independiente de Recursos Humanos \/ Personas \/ Felicidad, pero sobre todo, Estrategia.","publisher":{"@id":"https:\/\/www.buwa.info\/blog\/#organization"},"potentialAction":[{"@type":"SearchAction","target":{"@type":"EntryPoint","urlTemplate":"https:\/\/www.buwa.info\/blog\/?s={search_term_string}"},"query-input":{"@type":"PropertyValueSpecification","valueRequired":true,"valueName":"search_term_string"}}],"inLanguage":"es"},{"@type":"Organization","@id":"https:\/\/www.buwa.info\/blog\/#organization","name":"BUWA Blog","url":"https:\/\/www.buwa.info\/blog\/","logo":{"@type":"ImageObject","inLanguage":"es","@id":"https:\/\/www.buwa.info\/blog\/#\/schema\/logo\/image\/","url":"https:\/\/www.buwa.info\/blog\/wp-content\/uploads\/2025\/02\/buwa-blogw.png","contentUrl":"https:\/\/www.buwa.info\/blog\/wp-content\/uploads\/2025\/02\/buwa-blogw.png","width":3612,"height":748,"caption":"BUWA Blog"},"image":{"@id":"https:\/\/www.buwa.info\/blog\/#\/schema\/logo\/image\/"}},{"@type":"Person","@id":"https:\/\/www.buwa.info\/blog\/#\/schema\/person\/3ff24ed636f7068254365519d562b913","name":"Andrea Tabuenca","image":{"@type":"ImageObject","inLanguage":"es","@id":"https:\/\/www.buwa.info\/blog\/#\/schema\/person\/image\/","url":"https:\/\/www.buwa.info\/blog\/wp-content\/uploads\/2025\/02\/cropped-cropped-Andrea-Tabuenca-del-Cerro-300x300-1-96x96.jpg","contentUrl":"https:\/\/www.buwa.info\/blog\/wp-content\/uploads\/2025\/02\/cropped-cropped-Andrea-Tabuenca-del-Cerro-300x300-1-96x96.jpg","caption":"Andrea Tabuenca"},"description":"Especialista en Personas, Objetivos y Empresas.","url":"https:\/\/www.buwa.info\/blog\/author\/andrea-tabuenca\/"}]}},"_links":{"self":[{"href":"https:\/\/www.buwa.info\/blog\/wp-json\/wp\/v2\/posts\/519","targetHints":{"allow":["GET"]}}],"collection":[{"href":"https:\/\/www.buwa.info\/blog\/wp-json\/wp\/v2\/posts"}],"about":[{"href":"https:\/\/www.buwa.info\/blog\/wp-json\/wp\/v2\/types\/post"}],"author":[{"embeddable":true,"href":"https:\/\/www.buwa.info\/blog\/wp-json\/wp\/v2\/users\/46"}],"replies":[{"embeddable":true,"href":"https:\/\/www.buwa.info\/blog\/wp-json\/wp\/v2\/comments?post=519"}],"version-history":[{"count":2,"href":"https:\/\/www.buwa.info\/blog\/wp-json\/wp\/v2\/posts\/519\/revisions"}],"predecessor-version":[{"id":585,"href":"https:\/\/www.buwa.info\/blog\/wp-json\/wp\/v2\/posts\/519\/revisions\/585"}],"wp:featuredmedia":[{"embeddable":true,"href":"https:\/\/www.buwa.info\/blog\/wp-json\/wp\/v2\/media\/210"}],"wp:attachment":[{"href":"https:\/\/www.buwa.info\/blog\/wp-json\/wp\/v2\/media?parent=519"}],"wp:term":[{"taxonomy":"category","embeddable":true,"href":"https:\/\/www.buwa.info\/blog\/wp-json\/wp\/v2\/categories?post=519"},{"taxonomy":"post_tag","embeddable":true,"href":"https:\/\/www.buwa.info\/blog\/wp-json\/wp\/v2\/tags?post=519"}],"curies":[{"name":"wp","href":"https:\/\/api.w.org\/{rel}","templated":true}]}}