{"id":582,"date":"2020-04-17T16:53:00","date_gmt":"2020-04-17T14:53:00","guid":{"rendered":"https:\/\/www.buwa.info\/blog\/?p=582"},"modified":"2025-03-18T16:57:59","modified_gmt":"2025-03-18T15:57:59","slug":"ni-maya-ni-azteca-l","status":"publish","type":"post","link":"https:\/\/www.buwa.info\/blog\/2020\/04\/17\/ni-maya-ni-azteca-l\/","title":{"rendered":"Ni Maya ni Azteca l"},"content":{"rendered":"\n<p><strong>\u00bfOs acord\u00e1is en el colegio cuando nos tocaba cambiar de ciclo y cambiaba todo o casi todo?<\/strong><\/p>\n\n\n\n<p><strong>\u00a1Qu\u00e9 nervios ese primer d\u00eda!<\/strong> compa\u00f1eros nuevos, materia nueva y sobre todo profesores nuevos. Unos profesores de los cuales de algunos ten\u00edas referencias buenas y de otros malas. Si te tocaba el \u201cprofe bueno\u201d pues perfecto pero si te tocaba el \u201cprofe malo\u201d te quedaba el consuelo de que solo ibas a sufrirle un par de a\u00f1os y quiz\u00e1, con un poco de suerte, no le volver\u00edas a ver. Eso s\u00ed\u2026 sab\u00edas que muy bien no lo ibas a pasar.<\/p>\n\n\n\n<p><strong>En el mundo de la empresa pasa exactamente lo mismo<\/strong>,&nbsp;cada vez que cambias de \u00e1rea o simplemente cambia tu responsable ya sabes que algo, poco o mucho, va a cambiar.<\/p>\n\n\n\n<p><strong>La incertidumbre es mayor cuando cambias de Empresa&nbsp;y no sabes con lo que te vas a encontrar.<\/strong><\/p>\n\n\n\n<p>A m\u00ed personalmente me ha pasado, y entiendo que a muchos de vosotros tambi\u00e9n, que despu\u00e9s de la fenomenal venta que te ha hecho el departamento de Recursos Humanos \/ Personas \/ Felicidad sobre tu nueva Empresa, tu nuevo puesto, tus nuevos compa\u00f1eros y sobre todo tu nuevo responsable; <strong>a veces te encuentras con que la realidad no era tan fenomenal como te la hab\u00edan \u201cpintado\u201d.<\/strong><\/p>\n\n\n<div class=\"wp-block-image\">\n<figure class=\"aligncenter size-full\"><img decoding=\"async\" width=\"406\" height=\"271\" data-src=\"https:\/\/www.buwa.info\/blog\/wp-content\/uploads\/2025\/02\/nimaya2.png\" alt=\"Ni\u00f1a tapandose la cara\" class=\"wp-image-319 lazyload\" data-srcset=\"https:\/\/www.buwa.info\/blog\/wp-content\/uploads\/2025\/02\/nimaya2.png 406w, https:\/\/www.buwa.info\/blog\/wp-content\/uploads\/2025\/02\/nimaya2-300x200.png 300w\" data-sizes=\"(max-width: 406px) 100vw, 406px\" src=\"data:image\/gif;base64,R0lGODlhAQABAAAAACH5BAEKAAEALAAAAAABAAEAAAICTAEAOw==\" style=\"--smush-placeholder-width: 406px; --smush-placeholder-aspect-ratio: 406\/271;\" \/><\/figure>\n<\/div>\n\n\n<p><strong>Centr\u00e1ndome ahora en los jefes<\/strong>, durante mi vida profesional he tenido muchos responsables,&nbsp; directos, indirectos, jer\u00e1rquicos y funcionales (por jefes que no falten) con los que he tenido la suerte o la desgracia de colaborar.<\/p>\n\n\n\n<p><strong>Y siendo tantos y tan sumamente importantes<\/strong>, la pregunta que todos nos hacemos o deber\u00edamos hacernos es la siguiente:&nbsp;<strong>\u00bfqu\u00e9 caracter\u00edsticas me gustar\u00eda que tuviera mi responsable para que yo rindiera \u00f3ptimamente y progresara en mi puesto de trabajo?<\/strong>&nbsp;O lo que es lo mismo: \u00bfc\u00f3mo quiero que sea mi nuevo \u201cprofe\u201d para que gracias a \u00e9l saque las mejores calificaciones?<\/p>\n\n\n\n<p>Todos los estudios coinciden en que hay&nbsp;<strong>diferentes estilos de liderazgo o formas de dirigir equipos de trabajo<\/strong>:<\/p>\n\n\n\n<ul class=\"wp-block-list\">\n<li><strong>el autocr\u00e1tico:<\/strong> el jefe duro que controla a todo su equipo y que no permite iniciativas.<\/li>\n\n\n\n<li><strong>el democr\u00e1tico:\u00a0<\/strong> el que consulta todo a su equipo y le hace sentirse valorado.<\/li>\n\n\n\n<li><strong>el burocr\u00e1tico:<\/strong> el jefe que no se salta las normas, que sigue el manual, que tiene a su equipo atado.<\/li>\n\n\n\n<li><strong>el pasota:<\/strong> el que deja actuar a su equipo libremente y no lo controla.<\/li>\n\n\n\n<li><strong>el transformacional:<\/strong> es inspirador y saca lo mejor de cada miembro del grupo, busca nuevas iniciativas y aporta valor a los procesos.<\/li>\n\n\n\n<li><strong>el carism\u00e1tico:<\/strong> antepone su yo personal al del equipo, aunque sea muy valorado dentro de la compa\u00f1\u00eda, el \u00e9xito depende de su figura como l\u00edder.<\/li>\n<\/ul>\n\n\n\n<p>Seguramente que identificas un m\u00ednimo de dos responsables, dependiendo de la edad que tengas o de las veces que hayas cambiado de compa\u00f1\u00eda o \u00e1rea, que hayas tenido o que conozcas&nbsp; en cada uno de estos seis estilos.<\/p>\n\n\n\n<p>La teor\u00eda est\u00e1 muy bien sin embargo todos sabemos que&nbsp;un responsable puede modificar su estilo seg\u00fan las circunstancias del momento&nbsp;pero lo que debemos tener claro es que&nbsp;el liderazgo es inherente a la persona y a su forma de ser&nbsp;por lo que:&nbsp;el responsable finalmente siempre acaba teniendo la misma forma de liderar equipos&nbsp;\u00bfos acord\u00e1is de vuestros profesores cuando hab\u00eda momentos donde bajaban la guardia o se endurec\u00edan pero al final eran ellos mismos y ten\u00edan su propio estilo de educar?<\/p>\n\n\n\n<p>Hablando de responsables, estamos en la misma situaci\u00f3n de anta\u00f1o salvo por una apreciaci\u00f3n que <strong>las empresas deber\u00edan tener en cuenta: el talento se fuga de las organizaciones por los malos jefes y responsables, del \u201ccole\u201d no te pod\u00edas ir si el profesor no te gustaba.<\/strong><\/p>\n\n\n<div class=\"wp-block-image\">\n<figure class=\"aligncenter size-full\"><img decoding=\"async\" width=\"456\" height=\"452\" data-src=\"https:\/\/www.buwa.info\/blog\/wp-content\/uploads\/2025\/02\/nimaya3.png\" alt=\"Corriendo a casa\" class=\"wp-image-320 lazyload\" data-srcset=\"https:\/\/www.buwa.info\/blog\/wp-content\/uploads\/2025\/02\/nimaya3.png 456w, https:\/\/www.buwa.info\/blog\/wp-content\/uploads\/2025\/02\/nimaya3-300x297.png 300w, https:\/\/www.buwa.info\/blog\/wp-content\/uploads\/2025\/02\/nimaya3-150x150.png 150w\" data-sizes=\"(max-width: 456px) 100vw, 456px\" src=\"data:image\/gif;base64,R0lGODlhAQABAAAAACH5BAEKAAEALAAAAAABAAEAAAICTAEAOw==\" style=\"--smush-placeholder-width: 456px; --smush-placeholder-aspect-ratio: 456\/452;\" \/><\/figure>\n<\/div>\n\n\n<p>Entonces . . . es importante que reflexionemos sobre <strong>\u00bfc\u00f3mo deber\u00eda ser un responsable?<\/strong> No voy a responder a esta pregunta y lejos de basarme en los miles de an\u00e1lisis y estudios que existen sobre este tema, utilizando mi experiencia y el sentido com\u00fan voy a responder a la siguiente: <strong>\u00bfc\u00f3mo me gustar\u00eda que fuese mi responsable?<\/strong> Siempre he pensado que etiquetar un \u00fanico modelo de liderazgo, en este sentido, adem\u00e1s de imposible es anacr\u00f3nico y despu\u00e9s de a\u00f1os de reflexi\u00f3n sobre las cualidades fundamentales que deber\u00eda tener un buen responsable, he llegado a las siguientes conclusiones que comparto:<\/p>\n\n\n\n<ul class=\"wp-block-list\">\n<li><strong>Maestro en su materia:<\/strong> un responsable debe conocer profundamente la materia de la que es responsable.\u00a0Debe demostrar que tiene un conocimiento ampl\u00edsimo en su \u00e1rea y por supuesto que es capaz de trasladar ese conocimiento al resto del equipo. Se le reconoce como un referente, una autoridad en la materia y no s\u00f3lo debe ser reconocido dentro de su departamento sino en toda la organizaci\u00f3n. \u00bfCu\u00e1ntas veces hemos visto que un responsable conoce menos la materia que sus propios colaboradores? este hecho dinamita la motivaci\u00f3n y desempe\u00f1o del equipo desde el primer momento.<\/li>\n\n\n\n<li><strong>Respeto:<\/strong> un buen responsable se gana el respeto d\u00eda a d\u00eda con sus acciones y decisiones, debe tener una visi\u00f3n de futuro y no ser \u201ccortoplacista\u201d. Ya no se ci\u00f1e solo a su \u00e1rea o departamento sino a la compa\u00f1\u00eda en general.\u00a0 Ganarse el respeto del resto de \u00e1reas y directivos es fundamental y eso se consigue siendo ejemplo y estandarte de valores, con responsabilidad, coherencia y objetividad. De nada vale saber mucho si luego no te haces respetar por culpa de tus acciones. Cuando \u00e9ramos peque\u00f1os ten\u00edamos muchos profesores as\u00ed, si lo trasladamos a nuestra experiencia empresarial tambi\u00e9n tenemos tristes ejemplos.<\/li>\n\n\n\n<li><strong>Gestor de equipos:<\/strong> es vital que el responsable conozca las fortalezas y debilidades de cada miembro del equipo al igual que sus intereses profesionales para poder sacar lo mejor de ellos y siendo su objetivo \u00faltimo el de optimizar los resultados de la compa\u00f1\u00eda a trav\u00e9s de los mismos. En ocasiones un buen colaborador est\u00e1 \u201ctapado\u201d en su trabajo diario y seguramente necesita un apoyo para que se pueda desarrollar. En el otro extremo, \u00a0varias veces he podido comprobar como el responsable no es que no conozca los intereses de los miembros del equipo es que ni siquiera conoce los CVs de sus colaboradores.<\/li>\n\n\n\n<li><strong>Saber delegar:<\/strong> una vez que conoce las fortalezas de su equipo es capaz de delegar proyectos, ideas, tareas o procesos con el fin de que el equipo crezca, se desarrolle \u00a0e innove, les hace salir de su c\u00edrculo de seguridad para que aprendan y conozcan cosas nuevas. Siempre tutelando cuando el equipo lo reclame: que no es lo mismo que estar controlando y tener bajo la lupa todo el desarrollo del proyecto. Es todo lo contrario, dejar que trabajen libremente, que aporten ideas propias y solamente al final del proyecto se midan los resultados. Es una realidad diaria que muchos responsables dicen que delegan cuando en realidad est\u00e1n soltando \u201cmarrones\u201d a sus equipos \u00bfno os ha pasado alguna vez?<\/li>\n\n\n\n<li><strong>Comunicativo:<\/strong> un responsable debe confiar en su equipo y por ello es un \u201cmust\u201d\u00a0 tener buenas habilidades de comunicaci\u00f3n y trasladar toda la informaci\u00f3n que necesitan conocer todos sus colaboradores. La famosa frase de \u201cla informaci\u00f3n es poder\u201d\u00a0\u00a0ya no es v\u00e1lida tal y como la sol\u00edamos conocer, el paradigma ha cambiado. La comunicaci\u00f3n se basa en la confianza mutua e informaci\u00f3n compartida y si un responsable no se f\u00eda de su equipo entonces, nada de lo anterior funciona.<\/li>\n<\/ul>\n\n\n\n<p>Para m\u00ed, estos cinco atributos son suficientes y necesarios para ser un buen mando o directivo: <strong>ser responsable y gran conocedor de su \u00e1rea, ser un referente y un ejemplo en la organizaci\u00f3n, un buen gestor de equipos que sepa delegar en sus colaboradores con el objetivo de que \u00e9stos progresen profesionalmente confiando siempre en ellos.<\/strong><\/p>\n\n\n\n<figure class=\"wp-block-image size-full\"><img decoding=\"async\" width=\"792\" height=\"636\" data-src=\"https:\/\/www.buwa.info\/blog\/wp-content\/uploads\/2025\/02\/nimaya4.png\" alt=\"Bonbilla encendida en manos\" class=\"wp-image-321 lazyload\" data-srcset=\"https:\/\/www.buwa.info\/blog\/wp-content\/uploads\/2025\/02\/nimaya4.png 792w, https:\/\/www.buwa.info\/blog\/wp-content\/uploads\/2025\/02\/nimaya4-300x241.png 300w, https:\/\/www.buwa.info\/blog\/wp-content\/uploads\/2025\/02\/nimaya4-768x617.png 768w\" data-sizes=\"(max-width: 792px) 100vw, 792px\" src=\"data:image\/gif;base64,R0lGODlhAQABAAAAACH5BAEKAAEALAAAAAABAAEAAAICTAEAOw==\" style=\"--smush-placeholder-width: 792px; --smush-placeholder-aspect-ratio: 792\/636;\" \/><\/figure>\n\n\n\n<p>Recuerdo a un buen responsable que tuve que siempre nos dec\u00eda&nbsp;<strong>\u201cquiero que se\u00e1is mejores que yo, que me super\u00e9is y si me quit\u00e1is el puesto entonces querr\u00e1 decir que he realizado un buen trabajo con vosotros\u201d<\/strong><\/p>\n\n\n\n<p>Lo que tengo muy claro es lo que no quiero: <strong>no quiero un responsable que no me ense\u00f1e nada porque no sabe, que sea incapaz de transmitir ilusi\u00f3n, que ponga trabas en mi desarrollo y crecimiento, que no me conozca, que no sea respetado, que no gestione con valores, que no delegue y no conf\u00ede en su equipo guardando para s\u00ed toda la informaci\u00f3n; hechos y realidades que por desgracia todos conocemos.<\/strong><\/p>\n\n\n\n<p>Hace a\u00f1os me contaron un relato corto que define claramente esto \u00faltimo:<\/p>\n\n\n\n<p><em>En una entrevista de trabajo, el seleccionador le pregunt\u00f3 al candidato: \u00bfy usted como no quiere que sea su jefe?<\/em><\/p>\n\n\n\n<p><em>A lo cual el candidato respondi\u00f3:&nbsp;<strong>Ni Maya ni Azteca<\/strong><\/em><\/p>\n\n\n\n<p><em>El seleccionador se qued\u00f3 extra\u00f1ado: \u00bfni maya ni azteca? \u2013 pregunt\u00f3.<\/em><\/p>\n\n\n\n<p><em>El candidato volvi\u00f3 a responder: Exacto, no quiero un jefe que nunca est\u00e9 en la oficina y que cuando venga solo pregunte \u201c\u00bf<strong>Maya<\/strong>mado alguien?\u201d ni tampoco quiero un jefe que est\u00e9 todo el d\u00eda \u201cdelegando\u201d \u201c<strong>Azteca<\/strong>rgo t\u00fa de esto y t\u00fa de esto otro\u201d<\/em><\/p>\n\n\n\n<p>\u00bfA que hab\u00e9is puesto cara inmediatamente al maya y al azteca?<\/p>\n\n\n\n<p>En definitiva, \u00bfes tan dif\u00edcil ser un buen responsable? \u00bflas organizaciones no deber\u00edan trabajar por tener unos responsables con las caracter\u00edsticas anteriores que sean capaces de desarrollar a sus equipos para que esto repercuta en un desempe\u00f1o \u00f3ptimo de la organizaci\u00f3n impactando as\u00ed en la consecuci\u00f3n de los objetivos de negocio?<\/p>\n\n\n\n<p><strong>Se nos llena la boca y siempre defendemos que la felicidad y el buen rendimiento del empleado deben ser las causas del beneficio y el desarrollo de la empresa. Si sabemos que en la base de todo ello se encuentra el tener un buen responsable, trabajemos entonces en crear y potenciar buenos l\u00edderes capaces de crear ilusi\u00f3n y rendimiento en sus equipos.<\/strong><\/p>\n\n\n\n<p>Me encantar\u00eda conocer tu experiencia \u00bfqu\u00e9 has aprendido de los jefes que has tenido? \u00bfc\u00f3mo piensas que deber\u00eda de ser el l\u00edder ideal? \u00bft\u00fa c\u00f3mo ser\u00edas como responsable?<\/p>\n","protected":false},"excerpt":{"rendered":"<p>El teletrabajo en tiempos de COVID-19 trae desaf\u00edos y efectos en la productividad. A continuaci\u00f3n, exploramos la importancia de un buen liderazgo y c\u00f3mo ciertos estilos de liderazgo pueden impactar en el rendimiento laboral y la satisfacci\u00f3n del empleado.<\/p>\n","protected":false},"author":50,"featured_media":318,"comment_status":"open","ping_status":"open","sticky":false,"template":"","format":"standard","meta":{"footnotes":""},"categories":[43],"tags":[],"class_list":["post-582","post","type-post","status-publish","format-standard","has-post-thumbnail","hentry","category-tu-mejor-yo"],"yoast_head":"<!-- This site is optimized with the Yoast SEO Premium plugin v24.5 (Yoast SEO v24.5) - https:\/\/yoast.com\/wordpress\/plugins\/seo\/ -->\n<title>Ni Maya ni Azteca l - BUWA Blog<\/title>\n<meta name=\"robots\" content=\"index, follow, max-snippet:-1, max-image-preview:large, max-video-preview:-1\" \/>\n<link rel=\"canonical\" href=\"https:\/\/www.buwa.info\/blog\/2020\/04\/17\/ni-maya-ni-azteca-l\/\" \/>\n<meta property=\"og:locale\" content=\"es_ES\" \/>\n<meta property=\"og:type\" content=\"article\" \/>\n<meta property=\"og:title\" content=\"Ni Maya ni Azteca l\" \/>\n<meta property=\"og:description\" content=\"El teletrabajo en tiempos de COVID-19 trae desaf\u00edos y efectos en la productividad. A continuaci\u00f3n, exploramos la importancia de un buen liderazgo y c\u00f3mo ciertos estilos de liderazgo pueden impactar en el rendimiento laboral y la satisfacci\u00f3n del empleado.\" \/>\n<meta property=\"og:url\" content=\"https:\/\/www.buwa.info\/blog\/2020\/04\/17\/ni-maya-ni-azteca-l\/\" \/>\n<meta property=\"og:site_name\" content=\"BUWA Blog\" \/>\n<meta property=\"article:published_time\" content=\"2020-04-17T14:53:00+00:00\" \/>\n<meta property=\"article:modified_time\" content=\"2025-03-18T15:57:59+00:00\" \/>\n<meta property=\"og:image\" content=\"https:\/\/www.buwa.info\/blog\/wp-content\/uploads\/2025\/02\/nimaya1.jpg\" \/>\n\t<meta property=\"og:image:width\" content=\"1320\" \/>\n\t<meta property=\"og:image:height\" content=\"540\" \/>\n\t<meta property=\"og:image:type\" content=\"image\/jpeg\" \/>\n<meta name=\"author\" content=\"Jos\u00e9 Hern\u00e1ndez Sanz\" \/>\n<meta name=\"twitter:card\" content=\"summary_large_image\" \/>\n<meta name=\"twitter:label1\" content=\"Escrito por\" \/>\n\t<meta name=\"twitter:data1\" content=\"Jos\u00e9 Hern\u00e1ndez Sanz\" \/>\n\t<meta name=\"twitter:label2\" content=\"Tiempo de lectura\" \/>\n\t<meta name=\"twitter:data2\" content=\"9 minutos\" \/>\n<script type=\"application\/ld+json\" class=\"yoast-schema-graph\">{\"@context\":\"https:\/\/schema.org\",\"@graph\":[{\"@type\":\"Article\",\"@id\":\"https:\/\/www.buwa.info\/blog\/2020\/04\/17\/ni-maya-ni-azteca-l\/#article\",\"isPartOf\":{\"@id\":\"https:\/\/www.buwa.info\/blog\/2020\/04\/17\/ni-maya-ni-azteca-l\/\"},\"author\":{\"name\":\"Jos\u00e9 Hern\u00e1ndez Sanz\",\"@id\":\"https:\/\/www.buwa.info\/blog\/#\/schema\/person\/de2ca6012863e3ca9176c35768399723\"},\"headline\":\"Ni Maya ni Azteca l\",\"datePublished\":\"2020-04-17T14:53:00+00:00\",\"dateModified\":\"2025-03-18T15:57:59+00:00\",\"mainEntityOfPage\":{\"@id\":\"https:\/\/www.buwa.info\/blog\/2020\/04\/17\/ni-maya-ni-azteca-l\/\"},\"wordCount\":1732,\"commentCount\":0,\"publisher\":{\"@id\":\"https:\/\/www.buwa.info\/blog\/#organization\"},\"image\":{\"@id\":\"https:\/\/www.buwa.info\/blog\/2020\/04\/17\/ni-maya-ni-azteca-l\/#primaryimage\"},\"thumbnailUrl\":\"https:\/\/www.buwa.info\/blog\/wp-content\/uploads\/2025\/02\/nimaya1.jpg\",\"articleSection\":[\"Tu mejor YO\"],\"inLanguage\":\"es\",\"potentialAction\":[{\"@type\":\"CommentAction\",\"name\":\"Comment\",\"target\":[\"https:\/\/www.buwa.info\/blog\/2020\/04\/17\/ni-maya-ni-azteca-l\/#respond\"]}]},{\"@type\":\"WebPage\",\"@id\":\"https:\/\/www.buwa.info\/blog\/2020\/04\/17\/ni-maya-ni-azteca-l\/\",\"url\":\"https:\/\/www.buwa.info\/blog\/2020\/04\/17\/ni-maya-ni-azteca-l\/\",\"name\":\"Ni Maya ni Azteca l - BUWA Blog\",\"isPartOf\":{\"@id\":\"https:\/\/www.buwa.info\/blog\/#website\"},\"primaryImageOfPage\":{\"@id\":\"https:\/\/www.buwa.info\/blog\/2020\/04\/17\/ni-maya-ni-azteca-l\/#primaryimage\"},\"image\":{\"@id\":\"https:\/\/www.buwa.info\/blog\/2020\/04\/17\/ni-maya-ni-azteca-l\/#primaryimage\"},\"thumbnailUrl\":\"https:\/\/www.buwa.info\/blog\/wp-content\/uploads\/2025\/02\/nimaya1.jpg\",\"datePublished\":\"2020-04-17T14:53:00+00:00\",\"dateModified\":\"2025-03-18T15:57:59+00:00\",\"breadcrumb\":{\"@id\":\"https:\/\/www.buwa.info\/blog\/2020\/04\/17\/ni-maya-ni-azteca-l\/#breadcrumb\"},\"inLanguage\":\"es\",\"potentialAction\":[{\"@type\":\"ReadAction\",\"target\":[\"https:\/\/www.buwa.info\/blog\/2020\/04\/17\/ni-maya-ni-azteca-l\/\"]}]},{\"@type\":\"ImageObject\",\"inLanguage\":\"es\",\"@id\":\"https:\/\/www.buwa.info\/blog\/2020\/04\/17\/ni-maya-ni-azteca-l\/#primaryimage\",\"url\":\"https:\/\/www.buwa.info\/blog\/wp-content\/uploads\/2025\/02\/nimaya1.jpg\",\"contentUrl\":\"https:\/\/www.buwa.info\/blog\/wp-content\/uploads\/2025\/02\/nimaya1.jpg\",\"width\":1320,\"height\":540,\"caption\":\"Ni\u00f1os en clase\"},{\"@type\":\"BreadcrumbList\",\"@id\":\"https:\/\/www.buwa.info\/blog\/2020\/04\/17\/ni-maya-ni-azteca-l\/#breadcrumb\",\"itemListElement\":[{\"@type\":\"ListItem\",\"position\":1,\"name\":\"Portada\",\"item\":\"https:\/\/www.buwa.info\/blog\/\"},{\"@type\":\"ListItem\",\"position\":2,\"name\":\"Ni Maya ni Azteca l\"}]},{\"@type\":\"WebSite\",\"@id\":\"https:\/\/www.buwa.info\/blog\/#website\",\"url\":\"https:\/\/www.buwa.info\/blog\/\",\"name\":\"BUWA Blog\",\"description\":\"Blog independiente de Recursos Humanos \/ Personas \/ Felicidad, pero sobre todo, Estrategia.\",\"publisher\":{\"@id\":\"https:\/\/www.buwa.info\/blog\/#organization\"},\"potentialAction\":[{\"@type\":\"SearchAction\",\"target\":{\"@type\":\"EntryPoint\",\"urlTemplate\":\"https:\/\/www.buwa.info\/blog\/?s={search_term_string}\"},\"query-input\":{\"@type\":\"PropertyValueSpecification\",\"valueRequired\":true,\"valueName\":\"search_term_string\"}}],\"inLanguage\":\"es\"},{\"@type\":\"Organization\",\"@id\":\"https:\/\/www.buwa.info\/blog\/#organization\",\"name\":\"BUWA Blog\",\"url\":\"https:\/\/www.buwa.info\/blog\/\",\"logo\":{\"@type\":\"ImageObject\",\"inLanguage\":\"es\",\"@id\":\"https:\/\/www.buwa.info\/blog\/#\/schema\/logo\/image\/\",\"url\":\"https:\/\/www.buwa.info\/blog\/wp-content\/uploads\/2025\/02\/buwa-blogw.png\",\"contentUrl\":\"https:\/\/www.buwa.info\/blog\/wp-content\/uploads\/2025\/02\/buwa-blogw.png\",\"width\":3612,\"height\":748,\"caption\":\"BUWA Blog\"},\"image\":{\"@id\":\"https:\/\/www.buwa.info\/blog\/#\/schema\/logo\/image\/\"}},{\"@type\":\"Person\",\"@id\":\"https:\/\/www.buwa.info\/blog\/#\/schema\/person\/de2ca6012863e3ca9176c35768399723\",\"name\":\"Jos\u00e9 Hern\u00e1ndez Sanz\",\"image\":{\"@type\":\"ImageObject\",\"inLanguage\":\"es\",\"@id\":\"https:\/\/www.buwa.info\/blog\/#\/schema\/person\/image\/\",\"url\":\"https:\/\/www.buwa.info\/blog\/wp-content\/uploads\/2025\/02\/jose-96x96.jpg\",\"contentUrl\":\"https:\/\/www.buwa.info\/blog\/wp-content\/uploads\/2025\/02\/jose-96x96.jpg\",\"caption\":\"Jos\u00e9 Hern\u00e1ndez Sanz\"},\"description\":\"Me apasionan las personas. Haciendo que las cosas pasen.\",\"url\":\"https:\/\/www.buwa.info\/blog\/author\/jose-hernandez\/\"}]}<\/script>\n<!-- \/ Yoast SEO Premium plugin. -->","yoast_head_json":{"title":"Ni Maya ni Azteca l - BUWA Blog","robots":{"index":"index","follow":"follow","max-snippet":"max-snippet:-1","max-image-preview":"max-image-preview:large","max-video-preview":"max-video-preview:-1"},"canonical":"https:\/\/www.buwa.info\/blog\/2020\/04\/17\/ni-maya-ni-azteca-l\/","og_locale":"es_ES","og_type":"article","og_title":"Ni Maya ni Azteca l","og_description":"El teletrabajo en tiempos de COVID-19 trae desaf\u00edos y efectos en la productividad. A continuaci\u00f3n, exploramos la importancia de un buen liderazgo y c\u00f3mo ciertos estilos de liderazgo pueden impactar en el rendimiento laboral y la satisfacci\u00f3n del empleado.","og_url":"https:\/\/www.buwa.info\/blog\/2020\/04\/17\/ni-maya-ni-azteca-l\/","og_site_name":"BUWA Blog","article_published_time":"2020-04-17T14:53:00+00:00","article_modified_time":"2025-03-18T15:57:59+00:00","og_image":[{"width":1320,"height":540,"url":"https:\/\/www.buwa.info\/blog\/wp-content\/uploads\/2025\/02\/nimaya1.jpg","type":"image\/jpeg"}],"author":"Jos\u00e9 Hern\u00e1ndez Sanz","twitter_card":"summary_large_image","twitter_misc":{"Escrito por":"Jos\u00e9 Hern\u00e1ndez Sanz","Tiempo de lectura":"9 minutos"},"schema":{"@context":"https:\/\/schema.org","@graph":[{"@type":"Article","@id":"https:\/\/www.buwa.info\/blog\/2020\/04\/17\/ni-maya-ni-azteca-l\/#article","isPartOf":{"@id":"https:\/\/www.buwa.info\/blog\/2020\/04\/17\/ni-maya-ni-azteca-l\/"},"author":{"name":"Jos\u00e9 Hern\u00e1ndez Sanz","@id":"https:\/\/www.buwa.info\/blog\/#\/schema\/person\/de2ca6012863e3ca9176c35768399723"},"headline":"Ni Maya ni Azteca l","datePublished":"2020-04-17T14:53:00+00:00","dateModified":"2025-03-18T15:57:59+00:00","mainEntityOfPage":{"@id":"https:\/\/www.buwa.info\/blog\/2020\/04\/17\/ni-maya-ni-azteca-l\/"},"wordCount":1732,"commentCount":0,"publisher":{"@id":"https:\/\/www.buwa.info\/blog\/#organization"},"image":{"@id":"https:\/\/www.buwa.info\/blog\/2020\/04\/17\/ni-maya-ni-azteca-l\/#primaryimage"},"thumbnailUrl":"https:\/\/www.buwa.info\/blog\/wp-content\/uploads\/2025\/02\/nimaya1.jpg","articleSection":["Tu mejor YO"],"inLanguage":"es","potentialAction":[{"@type":"CommentAction","name":"Comment","target":["https:\/\/www.buwa.info\/blog\/2020\/04\/17\/ni-maya-ni-azteca-l\/#respond"]}]},{"@type":"WebPage","@id":"https:\/\/www.buwa.info\/blog\/2020\/04\/17\/ni-maya-ni-azteca-l\/","url":"https:\/\/www.buwa.info\/blog\/2020\/04\/17\/ni-maya-ni-azteca-l\/","name":"Ni Maya ni Azteca l - BUWA Blog","isPartOf":{"@id":"https:\/\/www.buwa.info\/blog\/#website"},"primaryImageOfPage":{"@id":"https:\/\/www.buwa.info\/blog\/2020\/04\/17\/ni-maya-ni-azteca-l\/#primaryimage"},"image":{"@id":"https:\/\/www.buwa.info\/blog\/2020\/04\/17\/ni-maya-ni-azteca-l\/#primaryimage"},"thumbnailUrl":"https:\/\/www.buwa.info\/blog\/wp-content\/uploads\/2025\/02\/nimaya1.jpg","datePublished":"2020-04-17T14:53:00+00:00","dateModified":"2025-03-18T15:57:59+00:00","breadcrumb":{"@id":"https:\/\/www.buwa.info\/blog\/2020\/04\/17\/ni-maya-ni-azteca-l\/#breadcrumb"},"inLanguage":"es","potentialAction":[{"@type":"ReadAction","target":["https:\/\/www.buwa.info\/blog\/2020\/04\/17\/ni-maya-ni-azteca-l\/"]}]},{"@type":"ImageObject","inLanguage":"es","@id":"https:\/\/www.buwa.info\/blog\/2020\/04\/17\/ni-maya-ni-azteca-l\/#primaryimage","url":"https:\/\/www.buwa.info\/blog\/wp-content\/uploads\/2025\/02\/nimaya1.jpg","contentUrl":"https:\/\/www.buwa.info\/blog\/wp-content\/uploads\/2025\/02\/nimaya1.jpg","width":1320,"height":540,"caption":"Ni\u00f1os en clase"},{"@type":"BreadcrumbList","@id":"https:\/\/www.buwa.info\/blog\/2020\/04\/17\/ni-maya-ni-azteca-l\/#breadcrumb","itemListElement":[{"@type":"ListItem","position":1,"name":"Portada","item":"https:\/\/www.buwa.info\/blog\/"},{"@type":"ListItem","position":2,"name":"Ni Maya ni Azteca l"}]},{"@type":"WebSite","@id":"https:\/\/www.buwa.info\/blog\/#website","url":"https:\/\/www.buwa.info\/blog\/","name":"BUWA Blog","description":"Blog independiente de Recursos Humanos \/ Personas \/ Felicidad, pero sobre todo, Estrategia.","publisher":{"@id":"https:\/\/www.buwa.info\/blog\/#organization"},"potentialAction":[{"@type":"SearchAction","target":{"@type":"EntryPoint","urlTemplate":"https:\/\/www.buwa.info\/blog\/?s={search_term_string}"},"query-input":{"@type":"PropertyValueSpecification","valueRequired":true,"valueName":"search_term_string"}}],"inLanguage":"es"},{"@type":"Organization","@id":"https:\/\/www.buwa.info\/blog\/#organization","name":"BUWA Blog","url":"https:\/\/www.buwa.info\/blog\/","logo":{"@type":"ImageObject","inLanguage":"es","@id":"https:\/\/www.buwa.info\/blog\/#\/schema\/logo\/image\/","url":"https:\/\/www.buwa.info\/blog\/wp-content\/uploads\/2025\/02\/buwa-blogw.png","contentUrl":"https:\/\/www.buwa.info\/blog\/wp-content\/uploads\/2025\/02\/buwa-blogw.png","width":3612,"height":748,"caption":"BUWA Blog"},"image":{"@id":"https:\/\/www.buwa.info\/blog\/#\/schema\/logo\/image\/"}},{"@type":"Person","@id":"https:\/\/www.buwa.info\/blog\/#\/schema\/person\/de2ca6012863e3ca9176c35768399723","name":"Jos\u00e9 Hern\u00e1ndez Sanz","image":{"@type":"ImageObject","inLanguage":"es","@id":"https:\/\/www.buwa.info\/blog\/#\/schema\/person\/image\/","url":"https:\/\/www.buwa.info\/blog\/wp-content\/uploads\/2025\/02\/jose-96x96.jpg","contentUrl":"https:\/\/www.buwa.info\/blog\/wp-content\/uploads\/2025\/02\/jose-96x96.jpg","caption":"Jos\u00e9 Hern\u00e1ndez Sanz"},"description":"Me apasionan las personas. Haciendo que las cosas pasen.","url":"https:\/\/www.buwa.info\/blog\/author\/jose-hernandez\/"}]}},"_links":{"self":[{"href":"https:\/\/www.buwa.info\/blog\/wp-json\/wp\/v2\/posts\/582","targetHints":{"allow":["GET"]}}],"collection":[{"href":"https:\/\/www.buwa.info\/blog\/wp-json\/wp\/v2\/posts"}],"about":[{"href":"https:\/\/www.buwa.info\/blog\/wp-json\/wp\/v2\/types\/post"}],"author":[{"embeddable":true,"href":"https:\/\/www.buwa.info\/blog\/wp-json\/wp\/v2\/users\/50"}],"replies":[{"embeddable":true,"href":"https:\/\/www.buwa.info\/blog\/wp-json\/wp\/v2\/comments?post=582"}],"version-history":[{"count":2,"href":"https:\/\/www.buwa.info\/blog\/wp-json\/wp\/v2\/posts\/582\/revisions"}],"predecessor-version":[{"id":584,"href":"https:\/\/www.buwa.info\/blog\/wp-json\/wp\/v2\/posts\/582\/revisions\/584"}],"wp:featuredmedia":[{"embeddable":true,"href":"https:\/\/www.buwa.info\/blog\/wp-json\/wp\/v2\/media\/318"}],"wp:attachment":[{"href":"https:\/\/www.buwa.info\/blog\/wp-json\/wp\/v2\/media?parent=582"}],"wp:term":[{"taxonomy":"category","embeddable":true,"href":"https:\/\/www.buwa.info\/blog\/wp-json\/wp\/v2\/categories?post=582"},{"taxonomy":"post_tag","embeddable":true,"href":"https:\/\/www.buwa.info\/blog\/wp-json\/wp\/v2\/tags?post=582"}],"curies":[{"name":"wp","href":"https:\/\/api.w.org\/{rel}","templated":true}]}}