{"id":60,"date":"2020-10-23T16:45:00","date_gmt":"2020-10-23T14:45:00","guid":{"rendered":"https:\/\/www.buwa.info\/blog\/?p=60"},"modified":"2025-02-25T23:31:30","modified_gmt":"2025-02-25T22:31:30","slug":"igualdad-esa-gran-desconocida","status":"publish","type":"post","link":"https:\/\/www.buwa.info\/blog\/2020\/10\/23\/igualdad-esa-gran-desconocida\/","title":{"rendered":"Igualdad, esa gran desconocida"},"content":{"rendered":"\n<p>El mes pasado se cumplieron 19 a\u00f1os desde que comenz\u00f3 mi andadura en el mundo de los Recursos Humanos \/ las Personas \/ la Felicidad; 19 a\u00f1os que si no llega a ser porque mi vida se ha llenado de experiencias y recuerdos maravillosos y no tan maravillosos, jurar\u00eda que, aunque suene t\u00f3pico, fue ayer.<\/p>\n\n\n\n<p>Y hoy, despu\u00e9s de mucho pensar, quer\u00eda detenerme en una \u00fanica reflexi\u00f3n, dura e injusta reflexi\u00f3n que a algun@ estoy segura le levantar\u00e1 alguna ampolla.<\/p>\n\n\n\n<p>Es curioso pero creo que por mi esencia principalmente dura, competitiva y ambiciosa he tenido muchos d\u00edas durante este trayecto de 20 a\u00f1os en los que me he hecho la siguiente pregunta (seguro que para muchos incomprensible):&nbsp;<strong>\u00bfd\u00f3nde estar\u00eda ahora mismo si fuese hombre?<\/strong>&nbsp;&nbsp;y no es que no quiera o no me guste ser mujer, me encanta, y tampoco es que me considere especialmente feminista (s\u00ed me considero especialmente igualitaria)&nbsp;<strong>ni tampoco es que tenga queja de llegar donde he llegado o de estar donde estoy ahora, o s\u00ed\u2026<\/strong><\/p>\n\n\n\n<p>He discutido en infinidad de ocasiones, con hombres y con mujeres, por tener diferentes posicionamientos sobre las&nbsp;<strong>distintas situaciones donde una mujer o un hombre no son tratados de igual manera, sin explicaci\u00f3n ni criterio alguno, tan s\u00f3lo por su condici\u00f3n de ser lo uno o lo otro.&nbsp;<\/strong>Aunque hay personas en este mundo (realmente no sabr\u00eda decir si est\u00e1n en este mundo) que se empe\u00f1an a d\u00eda de hoy en decir que hemos conseguido o que estamos cerca de conseguir lo que muchos llaman \u201cigualdad\u201d. Puede ser que estas personas tengan un ejemplo \u201cexcepcional\u201d cerca, que siendo mujer u hombre se les asocie justamente con el modelo contrario a nivel social pero\u2026 \u00bfeso es igualdad? eso no es igualdad, eso est\u00e1 muy lejos de hecho &nbsp;de ser igualdad.<\/p>\n\n\n\n<p>Y dentro de esas distintas situaciones donde no se nos trata igual, una de las que para m\u00ed es de las m\u00e1s importantes es la&nbsp;<strong>diferenciaci\u00f3n (o discriminaci\u00f3n llegados al extremo) de g\u00e9nero que vivimos y no superamos en diferentes \u00e1mbitos profesionales<\/strong>: no f\u00e1cil acceso a posiciones de direcci\u00f3n, trato diferente en posiciones de mando, salarios inferiores posiciones similares, no reconocimiento de posiciones o jerarqu\u00eda ante mismas o superiores responsabilidades y un largo etc\u00e9tera.<\/p>\n\n\n\n<p>Cuando hablo con compa\u00f1er@s o amig@s me sorprendo con el mismo discurso,&nbsp;<strong>no toda la culpa se la podemos echar a la empresa<\/strong>&nbsp;como instituci\u00f3n que debiera tener los protocolos\/procedimientos que aseguraran que lo anterior no suceda (que deber\u00eda tenerlos) sino que, en la mayor\u00eda de las ocasiones:&nbsp;<strong>ni la mayor\u00eda de los hombres que ocupan puestos superiores en la jerarqu\u00eda reconocen proactivamente una justa revisi\u00f3n de condiciones a estas mujeres ni nosotras mismas, cuando adquirimos mayores responsabilidades, lo solicitamos\u2026 esperamos, esperamos y\u2026 nos conformamos, ya llegar\u00e1\u2026 pero no llega.<\/strong><\/p>\n\n\n\n<figure class=\"wp-block-image size-full is-style-rounded\"><img decoding=\"async\" width=\"852\" height=\"480\" data-src=\"https:\/\/www.buwa.info\/blog\/wp-content\/uploads\/2025\/02\/arena3.jpg\" alt=\"\" class=\"wp-image-82 lazyload\" data-srcset=\"https:\/\/www.buwa.info\/blog\/wp-content\/uploads\/2025\/02\/arena3.jpg 852w, https:\/\/www.buwa.info\/blog\/wp-content\/uploads\/2025\/02\/arena3-300x169.jpg 300w, https:\/\/www.buwa.info\/blog\/wp-content\/uploads\/2025\/02\/arena3-768x433.jpg 768w\" data-sizes=\"(max-width: 852px) 100vw, 852px\" src=\"data:image\/gif;base64,R0lGODlhAQABAAAAACH5BAEKAAEALAAAAAABAAEAAAICTAEAOw==\" style=\"--smush-placeholder-width: 852px; --smush-placeholder-aspect-ratio: 852\/480;\" \/><\/figure>\n\n\n\n<p>Por supuesto que dicho lo anterior, aunque exista siempre una corresponsabilidad, es la empresa la que debe garantizar que el trato, las condiciones, la visibilidad, en todos los sentidos, en igualdad de responsabilidades, posici\u00f3n y aporte sea exactamente el mismo.<\/p>\n\n\n\n<p>Tenemos tambi\u00e9n&nbsp;<strong>otro problema a\u00f1adido<\/strong>, adem\u00e1s de quejarnos menos o de imponernos menos cuando consideramos que objetivamente nos merecemos m\u00e1s, en muchas ocasiones&nbsp;<strong>vemos c\u00f3mo otras personas se adue\u00f1an de nuestro trabajo y tampoco hacemos nada<\/strong>\u2026 Por supuesto que hay hombres a los que tambi\u00e9n les sucede pero es una caracter\u00edstica que a lo largo de la vida he vivido m\u00e1s en el g\u00e9nero femenino.<\/p>\n\n\n\n<p>Llegados hasta aqu\u00ed,&nbsp;<strong>se trata de una pescadilla que se muerde la cola<\/strong>, estamos ya en el siguiente escal\u00f3n, que voy a tratar de pisar suavemente por las discusiones y puntos de vista tan enfrentados que tiene:&nbsp;<strong>la maternidad y la paternidad en el mundo laboral.<\/strong><\/p>\n\n\n\n<p>Siempre he defendido que&nbsp;<strong>ser madre o padre es algo al 50% pero las mujeres nos empe\u00f1amos en seguir castig\u00e1ndonos emocionalmente<\/strong>; castig\u00e1ndonos por querer optar a puestos de responsabilidad; castig\u00e1ndonos por querer seguir form\u00e1ndonos; por no conformarnos. Frases como&nbsp;<em>\u201c\u00bftienes un hijo y pasas tanto tiempo en el trabajo?\u201d<\/em>&nbsp;o \u201c<em>no s\u00e9 c\u00f3mo puedes compatibilizar todo lo que haces teniendo hij@s<\/em>\u201d, son frases que tan s\u00f3lo las he escuchado referidas a mujeres; eso s\u00ed, dichas tanto por hombres como por mujeres pero solo hacia mujeres.<\/p>\n\n\n\n<figure class=\"wp-block-image size-large\"><img decoding=\"async\" data-src=\"https:\/\/www.buwa.info\/blog\/wp-content\/uploads\/2025\/02\/family.jpg\" alt=\"Familia\" src=\"data:image\/gif;base64,R0lGODlhAQABAAAAACH5BAEKAAEALAAAAAABAAEAAAICTAEAOw==\" class=\"lazyload\" style=\"--smush-placeholder-width: 1000px; --smush-placeholder-aspect-ratio: 1000\/750;\" \/><\/figure>\n\n\n\n<p class=\"has-text-align-center\"><em>Ser madre o padre es algo al 50%<\/em><\/p>\n\n\n\n<p>Y tras lo anterior\u2026 llegan las&nbsp;<strong>jornadas reducidas por guarda legal<\/strong>, y la pescadilla se la vuelve a morder\u2026 Si como mujeres optamos a puestos de menor responsabilidad, si estamos peor recompensadas y si adem\u00e1s sumamos ese mal sentimiento al no estar con nuestros hij@s\u2026 provocamos la&nbsp;<strong>tormenta perfecta para que en este pa\u00eds seg\u00fan la Encuesta de Poblaci\u00f3n Activa (EPA) a trav\u00e9s del Instituto Nacional de Estad\u00edstica en el a\u00f1o 2018 el 95% de las reducciones de jornada fueron solicitadas por mujeres<\/strong>. Por supuesto que estar con nuestros hij@s es algo positivo y dedicarles el mayor tiempo posible no discuto que deba ser una de las cosas m\u00e1s importantes que hagamos en la vida pero deber\u00eda ser, a todos los efectos, una responsabilidad compartida.<\/p>\n\n\n\n<p><strong>Muchos dir\u00e9is que no es incompatible tener una jornada reducida y ser directiv@<\/strong>&nbsp;o por lo menos no deber\u00eda serlo y aunque este punto sea muy criticado, me atrever\u00e9 a decir que si filosofamos y nos gusta Tom\u00e1s Moro, podemos afirmar que ser directiva y compatibilizarlo con una jornada reducida y un desarrollo de carrera potencial es totalmente asumible en el a\u00f1o 2020;&nbsp;<strong>podr\u00e1 o deber\u00eda serlo pero no puedo citar muchos ejemplos al respecto<\/strong>. Dicho lo anterior, es curioso ver c\u00f3mo llamamos&nbsp;<strong>\u201chero\u00ednas\u201d<\/strong>&nbsp;a aquellas mujeres que consiguen hacerlo, con lo que\u2026 seamos realistas y conscientes de que es algo residual (adem\u00e1s de que deber\u00edamos preguntar a esas mujeres c\u00f3mo se sienten al final del d\u00eda, de la semana, durante el fin de semana). \u00bfPor qu\u00e9 nos llaman la atenci\u00f3n en el d\u00eda a d\u00eda las mujeres que adem\u00e1s de ocupar un puesto de responsabilidad en sus empresas tienen familia? en este sentido, \u00bfpor qu\u00e9 no nos llama la atenci\u00f3n ning\u00fan hombre en la misma situaci\u00f3n?<\/p>\n\n\n<div class=\"wp-block-image\">\n<figure class=\"aligncenter\"><img decoding=\"async\" data-src=\"https:\/\/i.pinimg.com\/originals\/3c\/0c\/c3\/3c0cc330c198f17f52b1da58c7e2636e.jpg\" alt=\"Batwoman. Wonder Woman. Superwoman (With images) | Gotham girls ...\" src=\"data:image\/gif;base64,R0lGODlhAQABAAAAACH5BAEKAAEALAAAAAABAAEAAAICTAEAOw==\" class=\"lazyload\" \/><\/figure>\n<\/div>\n\n\n<p class=\"has-text-align-center\"><em>Mujeres que compatibilizan puestos de responsabilidad y carreras profesionales con su familia<\/em><\/p>\n\n\n\n<p><strong>La reducci\u00f3n de jornada por guarda legal es un punto muy importante dentro de la generaci\u00f3n de desigualdades.<\/strong>&nbsp;Desde una perspectiva de Recursos Humanos, siendo mujer y consider\u00e1ndome posicionada totalmente a favor de la igualdad, siendo defensora a ultranza de la misma, y aqu\u00ed va la bomba,&nbsp;<strong>su protecci\u00f3n legal siempre me ha parecido algo totalmente injusto y que, al contrario de lo que persigue, fomenta la desigualdad absoluta<\/strong>. Por supuesto debe de protegerse pero dentro siempre de unos l\u00edmites.&nbsp;\u00bfCu\u00e1ntas veces nos hemos encontrado en situaciones muy complicadas donde al tener que reducir plantilla o tener que democionar a alguien hemos tenido que prescindir de profesionales m\u00e1s implicados, m\u00e1s brillantes (\u00a1ojo! con hij@s o sin hij@s) por el mero hecho de no complicarnos la vida en despedir o democionar a peores trabajadores (menos implicados, menos productivos, etc.) que tienen reducci\u00f3n de jornada? \u00bfa cu\u00e1ntas personas, mujeres y hombres, conocemos que hayan solicitado una reducci\u00f3n de jornada por guarda legal s\u00f3lo para \u201cblindarse\u201d? yo sinceramente, a m\u00e1s de los que quisiera.<\/p>\n\n\n\n<p><strong>Laboralmente hemos avanzado mucho pero no lo suficiente<\/strong>&nbsp;y me resulta inveros\u00edmil que en el siglo XXI donde se nos llena la boca con discursos de igualdad, donde no paramos de salir a la calle a manifestarnos, de terminar las palabras en \u201ce\u201d y de inventarnos otras nuevas, de darnos voz a trav\u00e9s de ministerios, de legislar con leyes de g\u00e9nero, de etc\u00e9tera y etc\u00e9tera, sigamos en esta situaci\u00f3n.<\/p>\n\n\n\n<figure class=\"wp-block-image size-large\"><img decoding=\"async\" data-src=\"https:\/\/www.buwa.info\/blog\/wp-content\/uploads\/2025\/02\/cambio.png\" alt=\"Palabra Change hecha de neon\" src=\"data:image\/gif;base64,R0lGODlhAQABAAAAACH5BAEKAAEALAAAAAABAAEAAAICTAEAOw==\" class=\"lazyload\" style=\"--smush-placeholder-width: 1000px; --smush-placeholder-aspect-ratio: 1000\/563;\" \/><\/figure>\n\n\n\n<p class=\"has-text-align-center\"><em>Conseguir la igualdad efectiva deber\u00eda de ser el compromiso de tod@s<\/em><\/p>\n\n\n\n<p>Para m\u00ed sinceramente la&nbsp;<strong>igualdad no es<\/strong>&nbsp;la paridad ni se consigue con ella, no es pedir a una empresa que haga un anacr\u00f3nico \u201cplan de igualdad\u201d para cubrir el expediente, no es llevarme a mi beb\u00e9 al trabajo y darle de mamar, no es en absoluto que a mi compa\u00f1ero le llamen compa\u00f1era ni compa\u00f1ere, tampoco se trata de ser directiva e ir corriendo a por mis hij@s al colegio, hacer los deberes con ellos y compatibilizarlo todo con limpiar la casa y hacer la cena junto con mi marido, no es ir con la lengua fuera de un lado para otro, ni es poder preocuparme por mi desarrollo profesional sin tener que pedir perd\u00f3n y tener que estar agradecida por la oportunidad, no es ni mucho menos dar las gracias porque se me promocione por m\u00e9ritos propios y justos, con total sinceridad, no es tener que utilizar a veces mi imagen de \u201crubia tonta\u201d para conseguir determinadas cosas (no turbias).<\/p>\n\n\n\n<p>Para m\u00ed,&nbsp;<strong>igualdad es<\/strong>&nbsp;que nosotras mismas comencemos a cre\u00e9rnoslo, que no nos sintamos mal por querer progresar, que sepamos exigir lo que nos corresponde, que no dejemos que nos pisoteen (sin tener que pisotear a nadie, eso se llama de otra manera), igualdad es que las empresas valoren profesionalmente de la misma manera a un hombre y a una mujer, que siendo mujer pueda llegar al mismo nivel que un hombre sin m\u00e1s restricciones que mi aporte, mi perfil y mi profesionalidad, que si soy madre no se cambie la percepci\u00f3n sobre m\u00ed, que si soy mujer no tenga que demostrar cuatro veces m\u00e1s ni que trabajar 4 horas m\u00e1s al d\u00eda que mis compa\u00f1eros hombres para tener el mismo reconocimiento, que preguntarnos y hablar de nuestr@s hij@s no sea lo primero que hagamos (o al menos por ahora), igualdad tambi\u00e9n es que no tratemos de aprovecharnos de nuestra condici\u00f3n de manera injusta (bajas anticipadas en los embarazos sin necesidad alguna, jornadas reducidas innecesarias), es ser corresponsable con mi marido tanto familiar como profesionalmente y que \u00e9l lo sea conmigo (no siempre tenemos que ser las que no vayamos al trabajo por \u201ctener al ni\u00f1o malo\u201d).<\/p>\n\n\n\n<p>Para m\u00ed&nbsp;<strong>el concepto de igualdad est\u00e1 relacionado simplemente con ser persona<\/strong>, con respetar las decisiones de cada un@ sin poner etiquetas ni infravalorar ni menospreciar y sobre todo con&nbsp;<strong>valorar el trabajo, los resultados, nuestro impacto, con independencia de las diferentes condiciones intr\u00ednsecas de qui\u00e9n lo hace<\/strong>, que ni suman ni restan ni vienen a cuento.<\/p>\n\n\n\n<p><strong>Si no ponemos frenos a estas diferencias que se dan tanto a nivel personal como profesional y social la pescadilla se la seguir\u00e1 mordiendo hasta el infinito<\/strong>, ya que las generaciones que vienen detr\u00e1s seguir\u00e1n viviendo los mismos modelos de anta\u00f1o contra los que tanto luchamos pero que nosotr@s mism@s estamos empe\u00f1ados en&nbsp; perpetuar, quiz\u00e1s por una raz\u00f3n de comodidad.<\/p>\n\n\n<div class=\"wp-block-image\">\n<figure class=\"aligncenter size-large\"><img decoding=\"async\" data-src=\"https:\/\/www.buwa.info\/blog\/wp-content\/uploads\/2025\/02\/girls.jpg\" alt=\"Ni\u00f1as riendo\" src=\"data:image\/gif;base64,R0lGODlhAQABAAAAACH5BAEKAAEALAAAAAABAAEAAAICTAEAOw==\" class=\"lazyload\" style=\"--smush-placeholder-width: 1000px; --smush-placeholder-aspect-ratio: 1000\/662;\" \/><\/figure>\n<\/div>\n\n\n<p class=\"has-text-align-center\"><em>Esforc\u00e9monos por nosotras, hag\u00e1moslo por ellas<\/em><\/p>\n\n\n\n<p>Por supuesto que tras la reflexi\u00f3n anterior, estoy segura de que&nbsp;<strong>existen muchas excepciones<\/strong>&nbsp;(tristemente son excepciones) y espero que cada vez sean m\u00e1s. Sin ir m\u00e1s lejos, yo vivo una \u201cexcepci\u00f3n\u201d. Siendo mujer ocupo posiciones de responsabilidad desde hace 14 a\u00f1os, he seguido form\u00e1ndome a alto nivel, es mi pareja la que desde el nacimiento de nuestro hijo se acogi\u00f3 a una reducci\u00f3n de jornada por guarda legal y anteriormente a una excedencia por cuidado de menor, etc\u00e9tera pero \u201cexcepci\u00f3n\u201d entre comillas: primero por el simple hecho de llamarlo excepci\u00f3n, segundo porque hasta el d\u00eda de hoy me siguen preguntando que c\u00f3mo puedo compatibilizarlo (sobre todo por tener un hijo), porque muchas veces he tenido que demostrar m\u00e1s que nadie (con y sin hijos), y sobre todo porque siendo una \u201cexcepci\u00f3n\u201d en muchas ocasiones me he sentido m\u00e1s sola y ego\u00edsta que nadie por disfrutar con mi trabajo, por apasionarme con lo que hago,&nbsp; por querer progresar.<\/p>\n\n\n\n<p><strong>Seas hombre o mujer me encantar\u00eda conocer tu opini\u00f3n \u00bfhas vivido este tipo de situaciones u otras similares alguna vez? \u00bfpiensas que estamos cerca de conseguir la igualdad real? \u00bfqu\u00e9 medidas podr\u00edamos potenciar para conseguir esa igualdad de manera efectiva?<\/strong><\/p>\n","protected":false},"excerpt":{"rendered":"<p>El mes pasado se cumplieron 19 a\u00f1os desde que comenz\u00f3 mi andadura en el mundo de los Recursos Humanos \/ las Personas \/ la Felicidad; 19 a\u00f1os que si no llega a ser porque mi vida se ha llenado de&#8230; <a class=\"more-link\" href=\"https:\/\/www.buwa.info\/blog\/2020\/10\/23\/igualdad-esa-gran-desconocida\/\">Seguir leyendo &rarr;<\/a><\/p>\n","protected":false},"author":3,"featured_media":243,"comment_status":"open","ping_status":"open","sticky":false,"template":"","format":"standard","meta":{"footnotes":""},"categories":[43],"tags":[],"class_list":["post-60","post","type-post","status-publish","format-standard","has-post-thumbnail","hentry","category-tu-mejor-yo"],"yoast_head":"<!-- This site is optimized with the Yoast SEO Premium plugin v24.5 (Yoast SEO v24.5) - https:\/\/yoast.com\/wordpress\/plugins\/seo\/ -->\n<title>Igualdad, esa gran desconocida - BUWA Blog<\/title>\n<meta name=\"robots\" content=\"index, follow, max-snippet:-1, max-image-preview:large, max-video-preview:-1\" \/>\n<link rel=\"canonical\" href=\"https:\/\/www.buwa.info\/blog\/2020\/10\/23\/igualdad-esa-gran-desconocida\/\" \/>\n<meta property=\"og:locale\" content=\"es_ES\" \/>\n<meta property=\"og:type\" content=\"article\" \/>\n<meta property=\"og:title\" content=\"Igualdad, esa gran desconocida\" \/>\n<meta property=\"og:description\" content=\"El mes pasado se cumplieron 19 a\u00f1os desde que comenz\u00f3 mi andadura en el mundo de los Recursos Humanos \/ las Personas \/ la Felicidad; 19 a\u00f1os que si no llega a ser porque mi vida se ha llenado de... Seguir leyendo &rarr;\" \/>\n<meta property=\"og:url\" content=\"https:\/\/www.buwa.info\/blog\/2020\/10\/23\/igualdad-esa-gran-desconocida\/\" \/>\n<meta property=\"og:site_name\" content=\"BUWA Blog\" \/>\n<meta property=\"article:published_time\" content=\"2020-10-23T14:45:00+00:00\" \/>\n<meta property=\"article:modified_time\" content=\"2025-02-25T22:31:30+00:00\" \/>\n<meta property=\"og:image\" content=\"https:\/\/www.buwa.info\/blog\/wp-content\/uploads\/2025\/02\/igualdad.jpg\" \/>\n\t<meta property=\"og:image:width\" content=\"1000\" \/>\n\t<meta property=\"og:image:height\" content=\"540\" \/>\n\t<meta property=\"og:image:type\" content=\"image\/jpeg\" \/>\n<meta name=\"author\" content=\"Mar\u00eda Langa\" \/>\n<meta name=\"twitter:card\" content=\"summary_large_image\" \/>\n<meta name=\"twitter:label1\" content=\"Escrito por\" \/>\n\t<meta name=\"twitter:data1\" content=\"Mar\u00eda Langa\" \/>\n\t<meta name=\"twitter:label2\" content=\"Tiempo de lectura\" \/>\n\t<meta name=\"twitter:data2\" content=\"11 minutos\" \/>\n<script type=\"application\/ld+json\" class=\"yoast-schema-graph\">{\"@context\":\"https:\/\/schema.org\",\"@graph\":[{\"@type\":\"Article\",\"@id\":\"https:\/\/www.buwa.info\/blog\/2020\/10\/23\/igualdad-esa-gran-desconocida\/#article\",\"isPartOf\":{\"@id\":\"https:\/\/www.buwa.info\/blog\/2020\/10\/23\/igualdad-esa-gran-desconocida\/\"},\"author\":{\"name\":\"Mar\u00eda Langa\",\"@id\":\"https:\/\/www.buwa.info\/blog\/#\/schema\/person\/8308afc1dcb84d37a67850fe243cebb8\"},\"headline\":\"Igualdad, esa gran desconocida\",\"datePublished\":\"2020-10-23T14:45:00+00:00\",\"dateModified\":\"2025-02-25T22:31:30+00:00\",\"mainEntityOfPage\":{\"@id\":\"https:\/\/www.buwa.info\/blog\/2020\/10\/23\/igualdad-esa-gran-desconocida\/\"},\"wordCount\":2131,\"commentCount\":0,\"publisher\":{\"@id\":\"https:\/\/www.buwa.info\/blog\/#organization\"},\"image\":{\"@id\":\"https:\/\/www.buwa.info\/blog\/2020\/10\/23\/igualdad-esa-gran-desconocida\/#primaryimage\"},\"thumbnailUrl\":\"https:\/\/www.buwa.info\/blog\/wp-content\/uploads\/2025\/02\/igualdad.jpg\",\"articleSection\":[\"Tu mejor YO\"],\"inLanguage\":\"es\",\"potentialAction\":[{\"@type\":\"CommentAction\",\"name\":\"Comment\",\"target\":[\"https:\/\/www.buwa.info\/blog\/2020\/10\/23\/igualdad-esa-gran-desconocida\/#respond\"]}]},{\"@type\":\"WebPage\",\"@id\":\"https:\/\/www.buwa.info\/blog\/2020\/10\/23\/igualdad-esa-gran-desconocida\/\",\"url\":\"https:\/\/www.buwa.info\/blog\/2020\/10\/23\/igualdad-esa-gran-desconocida\/\",\"name\":\"Igualdad, esa gran desconocida - BUWA Blog\",\"isPartOf\":{\"@id\":\"https:\/\/www.buwa.info\/blog\/#website\"},\"primaryImageOfPage\":{\"@id\":\"https:\/\/www.buwa.info\/blog\/2020\/10\/23\/igualdad-esa-gran-desconocida\/#primaryimage\"},\"image\":{\"@id\":\"https:\/\/www.buwa.info\/blog\/2020\/10\/23\/igualdad-esa-gran-desconocida\/#primaryimage\"},\"thumbnailUrl\":\"https:\/\/www.buwa.info\/blog\/wp-content\/uploads\/2025\/02\/igualdad.jpg\",\"datePublished\":\"2020-10-23T14:45:00+00:00\",\"dateModified\":\"2025-02-25T22:31:30+00:00\",\"breadcrumb\":{\"@id\":\"https:\/\/www.buwa.info\/blog\/2020\/10\/23\/igualdad-esa-gran-desconocida\/#breadcrumb\"},\"inLanguage\":\"es\",\"potentialAction\":[{\"@type\":\"ReadAction\",\"target\":[\"https:\/\/www.buwa.info\/blog\/2020\/10\/23\/igualdad-esa-gran-desconocida\/\"]}]},{\"@type\":\"ImageObject\",\"inLanguage\":\"es\",\"@id\":\"https:\/\/www.buwa.info\/blog\/2020\/10\/23\/igualdad-esa-gran-desconocida\/#primaryimage\",\"url\":\"https:\/\/www.buwa.info\/blog\/wp-content\/uploads\/2025\/02\/igualdad.jpg\",\"contentUrl\":\"https:\/\/www.buwa.info\/blog\/wp-content\/uploads\/2025\/02\/igualdad.jpg\",\"width\":1000,\"height\":540},{\"@type\":\"BreadcrumbList\",\"@id\":\"https:\/\/www.buwa.info\/blog\/2020\/10\/23\/igualdad-esa-gran-desconocida\/#breadcrumb\",\"itemListElement\":[{\"@type\":\"ListItem\",\"position\":1,\"name\":\"Portada\",\"item\":\"https:\/\/www.buwa.info\/blog\/\"},{\"@type\":\"ListItem\",\"position\":2,\"name\":\"Igualdad, esa gran desconocida\"}]},{\"@type\":\"WebSite\",\"@id\":\"https:\/\/www.buwa.info\/blog\/#website\",\"url\":\"https:\/\/www.buwa.info\/blog\/\",\"name\":\"BUWA Blog\",\"description\":\"Blog independiente de Recursos Humanos \/ Personas \/ Felicidad, pero sobre todo, Estrategia.\",\"publisher\":{\"@id\":\"https:\/\/www.buwa.info\/blog\/#organization\"},\"potentialAction\":[{\"@type\":\"SearchAction\",\"target\":{\"@type\":\"EntryPoint\",\"urlTemplate\":\"https:\/\/www.buwa.info\/blog\/?s={search_term_string}\"},\"query-input\":{\"@type\":\"PropertyValueSpecification\",\"valueRequired\":true,\"valueName\":\"search_term_string\"}}],\"inLanguage\":\"es\"},{\"@type\":\"Organization\",\"@id\":\"https:\/\/www.buwa.info\/blog\/#organization\",\"name\":\"BUWA Blog\",\"url\":\"https:\/\/www.buwa.info\/blog\/\",\"logo\":{\"@type\":\"ImageObject\",\"inLanguage\":\"es\",\"@id\":\"https:\/\/www.buwa.info\/blog\/#\/schema\/logo\/image\/\",\"url\":\"https:\/\/www.buwa.info\/blog\/wp-content\/uploads\/2025\/02\/buwa-blogw.png\",\"contentUrl\":\"https:\/\/www.buwa.info\/blog\/wp-content\/uploads\/2025\/02\/buwa-blogw.png\",\"width\":3612,\"height\":748,\"caption\":\"BUWA Blog\"},\"image\":{\"@id\":\"https:\/\/www.buwa.info\/blog\/#\/schema\/logo\/image\/\"}},{\"@type\":\"Person\",\"@id\":\"https:\/\/www.buwa.info\/blog\/#\/schema\/person\/8308afc1dcb84d37a67850fe243cebb8\",\"name\":\"Mar\u00eda Langa\",\"image\":{\"@type\":\"ImageObject\",\"inLanguage\":\"es\",\"@id\":\"https:\/\/www.buwa.info\/blog\/#\/schema\/person\/image\/\",\"url\":\"https:\/\/www.buwa.info\/blog\/wp-content\/uploads\/2025\/02\/cropped-ml-96x96.jpg\",\"contentUrl\":\"https:\/\/www.buwa.info\/blog\/wp-content\/uploads\/2025\/02\/cropped-ml-96x96.jpg\",\"caption\":\"Mar\u00eda Langa\"},\"url\":\"https:\/\/www.buwa.info\/blog\/author\/maria_langa\/\"}]}<\/script>\n<!-- \/ Yoast SEO Premium plugin. -->","yoast_head_json":{"title":"Igualdad, esa gran desconocida - BUWA Blog","robots":{"index":"index","follow":"follow","max-snippet":"max-snippet:-1","max-image-preview":"max-image-preview:large","max-video-preview":"max-video-preview:-1"},"canonical":"https:\/\/www.buwa.info\/blog\/2020\/10\/23\/igualdad-esa-gran-desconocida\/","og_locale":"es_ES","og_type":"article","og_title":"Igualdad, esa gran desconocida","og_description":"El mes pasado se cumplieron 19 a\u00f1os desde que comenz\u00f3 mi andadura en el mundo de los Recursos Humanos \/ las Personas \/ la Felicidad; 19 a\u00f1os que si no llega a ser porque mi vida se ha llenado de... Seguir leyendo &rarr;","og_url":"https:\/\/www.buwa.info\/blog\/2020\/10\/23\/igualdad-esa-gran-desconocida\/","og_site_name":"BUWA Blog","article_published_time":"2020-10-23T14:45:00+00:00","article_modified_time":"2025-02-25T22:31:30+00:00","og_image":[{"width":1000,"height":540,"url":"https:\/\/www.buwa.info\/blog\/wp-content\/uploads\/2025\/02\/igualdad.jpg","type":"image\/jpeg"}],"author":"Mar\u00eda Langa","twitter_card":"summary_large_image","twitter_misc":{"Escrito por":"Mar\u00eda Langa","Tiempo de lectura":"11 minutos"},"schema":{"@context":"https:\/\/schema.org","@graph":[{"@type":"Article","@id":"https:\/\/www.buwa.info\/blog\/2020\/10\/23\/igualdad-esa-gran-desconocida\/#article","isPartOf":{"@id":"https:\/\/www.buwa.info\/blog\/2020\/10\/23\/igualdad-esa-gran-desconocida\/"},"author":{"name":"Mar\u00eda Langa","@id":"https:\/\/www.buwa.info\/blog\/#\/schema\/person\/8308afc1dcb84d37a67850fe243cebb8"},"headline":"Igualdad, esa gran desconocida","datePublished":"2020-10-23T14:45:00+00:00","dateModified":"2025-02-25T22:31:30+00:00","mainEntityOfPage":{"@id":"https:\/\/www.buwa.info\/blog\/2020\/10\/23\/igualdad-esa-gran-desconocida\/"},"wordCount":2131,"commentCount":0,"publisher":{"@id":"https:\/\/www.buwa.info\/blog\/#organization"},"image":{"@id":"https:\/\/www.buwa.info\/blog\/2020\/10\/23\/igualdad-esa-gran-desconocida\/#primaryimage"},"thumbnailUrl":"https:\/\/www.buwa.info\/blog\/wp-content\/uploads\/2025\/02\/igualdad.jpg","articleSection":["Tu mejor YO"],"inLanguage":"es","potentialAction":[{"@type":"CommentAction","name":"Comment","target":["https:\/\/www.buwa.info\/blog\/2020\/10\/23\/igualdad-esa-gran-desconocida\/#respond"]}]},{"@type":"WebPage","@id":"https:\/\/www.buwa.info\/blog\/2020\/10\/23\/igualdad-esa-gran-desconocida\/","url":"https:\/\/www.buwa.info\/blog\/2020\/10\/23\/igualdad-esa-gran-desconocida\/","name":"Igualdad, esa gran desconocida - BUWA Blog","isPartOf":{"@id":"https:\/\/www.buwa.info\/blog\/#website"},"primaryImageOfPage":{"@id":"https:\/\/www.buwa.info\/blog\/2020\/10\/23\/igualdad-esa-gran-desconocida\/#primaryimage"},"image":{"@id":"https:\/\/www.buwa.info\/blog\/2020\/10\/23\/igualdad-esa-gran-desconocida\/#primaryimage"},"thumbnailUrl":"https:\/\/www.buwa.info\/blog\/wp-content\/uploads\/2025\/02\/igualdad.jpg","datePublished":"2020-10-23T14:45:00+00:00","dateModified":"2025-02-25T22:31:30+00:00","breadcrumb":{"@id":"https:\/\/www.buwa.info\/blog\/2020\/10\/23\/igualdad-esa-gran-desconocida\/#breadcrumb"},"inLanguage":"es","potentialAction":[{"@type":"ReadAction","target":["https:\/\/www.buwa.info\/blog\/2020\/10\/23\/igualdad-esa-gran-desconocida\/"]}]},{"@type":"ImageObject","inLanguage":"es","@id":"https:\/\/www.buwa.info\/blog\/2020\/10\/23\/igualdad-esa-gran-desconocida\/#primaryimage","url":"https:\/\/www.buwa.info\/blog\/wp-content\/uploads\/2025\/02\/igualdad.jpg","contentUrl":"https:\/\/www.buwa.info\/blog\/wp-content\/uploads\/2025\/02\/igualdad.jpg","width":1000,"height":540},{"@type":"BreadcrumbList","@id":"https:\/\/www.buwa.info\/blog\/2020\/10\/23\/igualdad-esa-gran-desconocida\/#breadcrumb","itemListElement":[{"@type":"ListItem","position":1,"name":"Portada","item":"https:\/\/www.buwa.info\/blog\/"},{"@type":"ListItem","position":2,"name":"Igualdad, esa gran desconocida"}]},{"@type":"WebSite","@id":"https:\/\/www.buwa.info\/blog\/#website","url":"https:\/\/www.buwa.info\/blog\/","name":"BUWA Blog","description":"Blog independiente de Recursos Humanos \/ Personas \/ Felicidad, pero sobre todo, Estrategia.","publisher":{"@id":"https:\/\/www.buwa.info\/blog\/#organization"},"potentialAction":[{"@type":"SearchAction","target":{"@type":"EntryPoint","urlTemplate":"https:\/\/www.buwa.info\/blog\/?s={search_term_string}"},"query-input":{"@type":"PropertyValueSpecification","valueRequired":true,"valueName":"search_term_string"}}],"inLanguage":"es"},{"@type":"Organization","@id":"https:\/\/www.buwa.info\/blog\/#organization","name":"BUWA Blog","url":"https:\/\/www.buwa.info\/blog\/","logo":{"@type":"ImageObject","inLanguage":"es","@id":"https:\/\/www.buwa.info\/blog\/#\/schema\/logo\/image\/","url":"https:\/\/www.buwa.info\/blog\/wp-content\/uploads\/2025\/02\/buwa-blogw.png","contentUrl":"https:\/\/www.buwa.info\/blog\/wp-content\/uploads\/2025\/02\/buwa-blogw.png","width":3612,"height":748,"caption":"BUWA Blog"},"image":{"@id":"https:\/\/www.buwa.info\/blog\/#\/schema\/logo\/image\/"}},{"@type":"Person","@id":"https:\/\/www.buwa.info\/blog\/#\/schema\/person\/8308afc1dcb84d37a67850fe243cebb8","name":"Mar\u00eda Langa","image":{"@type":"ImageObject","inLanguage":"es","@id":"https:\/\/www.buwa.info\/blog\/#\/schema\/person\/image\/","url":"https:\/\/www.buwa.info\/blog\/wp-content\/uploads\/2025\/02\/cropped-ml-96x96.jpg","contentUrl":"https:\/\/www.buwa.info\/blog\/wp-content\/uploads\/2025\/02\/cropped-ml-96x96.jpg","caption":"Mar\u00eda Langa"},"url":"https:\/\/www.buwa.info\/blog\/author\/maria_langa\/"}]}},"_links":{"self":[{"href":"https:\/\/www.buwa.info\/blog\/wp-json\/wp\/v2\/posts\/60","targetHints":{"allow":["GET"]}}],"collection":[{"href":"https:\/\/www.buwa.info\/blog\/wp-json\/wp\/v2\/posts"}],"about":[{"href":"https:\/\/www.buwa.info\/blog\/wp-json\/wp\/v2\/types\/post"}],"author":[{"embeddable":true,"href":"https:\/\/www.buwa.info\/blog\/wp-json\/wp\/v2\/users\/3"}],"replies":[{"embeddable":true,"href":"https:\/\/www.buwa.info\/blog\/wp-json\/wp\/v2\/comments?post=60"}],"version-history":[{"count":2,"href":"https:\/\/www.buwa.info\/blog\/wp-json\/wp\/v2\/posts\/60\/revisions"}],"predecessor-version":[{"id":440,"href":"https:\/\/www.buwa.info\/blog\/wp-json\/wp\/v2\/posts\/60\/revisions\/440"}],"wp:featuredmedia":[{"embeddable":true,"href":"https:\/\/www.buwa.info\/blog\/wp-json\/wp\/v2\/media\/243"}],"wp:attachment":[{"href":"https:\/\/www.buwa.info\/blog\/wp-json\/wp\/v2\/media?parent=60"}],"wp:term":[{"taxonomy":"category","embeddable":true,"href":"https:\/\/www.buwa.info\/blog\/wp-json\/wp\/v2\/categories?post=60"},{"taxonomy":"post_tag","embeddable":true,"href":"https:\/\/www.buwa.info\/blog\/wp-json\/wp\/v2\/tags?post=60"}],"curies":[{"name":"wp","href":"https:\/\/api.w.org\/{rel}","templated":true}]}}